{"id":3845,"date":"2012-08-29T14:13:54","date_gmt":"2012-08-29T13:13:54","guid":{"rendered":"http:\/\/www.lavirgendelcamino.info\/wordpress\/?p=3845"},"modified":"2012-08-29T14:13:54","modified_gmt":"2012-08-29T13:13:54","slug":"abrimos-plazo-extraordinario-de-matricula-para-el-curso-20122013","status":"publish","type":"post","link":"https:\/\/www.lavirgendelcamino.info\/wordpress\/abrimos-plazo-extraordinario-de-matricula-para-el-curso-20122013\/","title":{"rendered":"Abrimos Plazo Extraordinario de matr\u00edcula para el Curso 2012\/2013"},"content":{"rendered":"<p><span style=\"text-decoration: underline\"><img loading=\"lazy\" decoding=\"async\" class=\"aligncenter\" src=\"http:\/\/www.lavirgendelcamino.info\/wordpress\/wp-content\/uploads\/2012\/08\/logo-escuela-musica-300x186.jpg\" alt=\"\" width=\"300\" height=\"186\" \/><\/span><\/p>\n<p>&nbsp;<\/p>\n<p><span style=\"text-decoration: underline\">A\u00fan tenemos plazas disponibles en la Escuela de M\u00fasica para el nuevo curso 2012-2013<\/span><\/p>\n<p>Con el objetivo de responder a la creciente demanda para cursar las materias que se imparten en este centro, <strong>el plazo extraordinario para la matriculaci\u00f3n ser\u00e1 del 3 al 14 de Septiembre (ambos incluidos) <\/strong>en la Oficina del Ayuntamiento en La Virgen del Camino, situada en\u00a0la C\/ Concejo n\u00ba1, tfno 987302213<\/p>\n<div>La oferta con que cuenta la Escuela Municipal de M\u00fasica de Valverde ( La Virgen del Camino ) es la siguiente :<br \/>\nM\u00fasica y Movimiento, para los m\u00e1s peque\u00f1os ( de 4 a 7 a\u00f1os ) , trompeta, piano, guitarra, guitarra el\u00e9ctrica, bombardino, saxof\u00f3n, flauta travesera, tromb\u00f3n, bater\u00eda, viol\u00edn, tuba, y m\u00fasica tradicional ( gaita, pandereta y redoblante )<\/p>\n<p>\u00a1 A\u00fan est\u00e1s a tiempo para matricularte, no pierdas la oportunidad !<\/p><\/div>\n<h1>CUOTAS<\/h1>\n<ul>\n<li><strong>Precio Matriculaci\u00f3n<\/strong>:\u00a0Empadronados 35 \u20ac \/ No empadronados 45 \u20ac<\/li>\n<\/ul>\n<ul>\n<li><strong>Precios Mensualidades de Trompeta, Piano, Guitarra, Guitarra El\u00e9ctrica, Bombardino, Saxof\u00f3n, flauta Travesera, Tromb\u00f3n, Bater\u00eda, Viol\u00edn y Tuba<\/strong>: Empadronados 30 \u20ac \/ No empadronados 45 \u20ac<\/li>\n<\/ul>\n<ul>\n<li><strong>Precios Mensualidades de M\u00fasica y Movimiento y M\u00fasica Tradicional<\/strong> (Gaita, Pandereta y Redoblante): Empadronados 25 \u20ac \/ No empadronados 35 \u20ac<\/li>\n<\/ul>\n<p>&nbsp;<\/p>\n<p>M\u00e1s informaci\u00f3n en el tel\u00e9fono: 987.30.22.13<\/p>\n<p>correo electr\u00f3nico: oficinadelavirgen@hotmail.com<\/p>\n<p>&nbsp;<\/p>\n<div><\/div>\n","protected":false},"excerpt":{"rendered":"<p>&nbsp; A\u00fan tenemos plazas disponibles en la Escuela de M\u00fasica para el nuevo curso 2012-2013 Con el objetivo de responder a la creciente demanda para cursar las materias que se imparten en este centro, el plazo extraordinario para la matriculaci\u00f3n ser\u00e1 del 3 al 14 de Septiembre (ambos incluidos) en la Oficina del Ayuntamiento en [&hellip;]<\/p>\n","protected":false},"author":12,"featured_media":0,"comment_status":"closed","ping_status":"closed","sticky":false,"template":"","format":"standard","meta":{"footnotes":""},"categories":[55],"tags":[],"class_list":["post-3845","post","type-post","status-publish","format-standard","hentry","category-noticias-escuela-de-musica"],"yoast_head":"<!-- This site is optimized with the Yoast SEO plugin v26.9 - https:\/\/yoast.com\/product\/yoast-seo-wordpress\/ -->\n<title>Abrimos Plazo Extraordinario de matr\u00edcula para el Curso 2012\/2013 - La Virgen del Camino (Le\u00f3n)<\/title>\n<meta name=\"robots\" content=\"index, follow, max-snippet:-1, max-image-preview:large, max-video-preview:-1\" \/>\n<link rel=\"canonical\" href=\"https:\/\/www.lavirgendelcamino.info\/wordpress\/abrimos-plazo-extraordinario-de-matricula-para-el-curso-20122013\/\" \/>\n<meta property=\"og:locale\" content=\"es_ES\" \/>\n<meta property=\"og:type\" content=\"article\" \/>\n<meta property=\"og:title\" content=\"Abrimos Plazo Extraordinario de matr\u00edcula para el Curso 2012\/2013 - La Virgen del Camino (Le\u00f3n)\" \/>\n<meta property=\"og:url\" content=\"https:\/\/www.lavirgendelcamino.info\/wordpress\/abrimos-plazo-extraordinario-de-matricula-para-el-curso-20122013\/\" \/>\n<meta property=\"og:site_name\" content=\"La Virgen del Camino (Le\u00f3n)\" \/>\n<meta property=\"article:publisher\" content=\"http:\/\/www.facebook.com\/ayuntamientovalverdedelavirgen\" \/>\n<meta property=\"article:published_time\" content=\"2012-08-29T13:13:54+00:00\" \/>\n<meta property=\"og:image\" content=\"http:\/\/www.lavirgendelcamino.info\/wordpress\/wp-content\/uploads\/2012\/08\/logo-escuela-musica-300x186.jpg\" \/>\n<meta name=\"author\" content=\"profesoresmusica\" \/>\n<meta name=\"twitter:card\" content=\"summary_large_image\" \/>\n<meta name=\"twitter:creator\" content=\"@valverdevirgen\" \/>\n<meta name=\"twitter:site\" content=\"@valverdevirgen\" \/>\n<meta name=\"twitter:label1\" content=\"Escrito por\" \/>\n\t<meta name=\"twitter:data1\" content=\"profesoresmusica\" \/>\n\t<meta name=\"twitter:label2\" content=\"Tiempo de lectura\" \/>\n\t<meta name=\"twitter:data2\" content=\"1 minuto\" \/>\n<script type=\"application\/ld+json\" class=\"yoast-schema-graph\">{\"@context\":\"https:\/\/schema.org\",\"@graph\":[{\"@type\":\"Article\",\"@id\":\"https:\/\/www.lavirgendelcamino.info\/wordpress\/abrimos-plazo-extraordinario-de-matricula-para-el-curso-20122013\/#article\",\"isPartOf\":{\"@id\":\"https:\/\/www.lavirgendelcamino.info\/wordpress\/abrimos-plazo-extraordinario-de-matricula-para-el-curso-20122013\/\"},\"author\":{\"name\":\"profesoresmusica\",\"@id\":\"https:\/\/www.lavirgendelcamino.info\/wordpress\/#\/schema\/person\/fb0f529ada510dd5fe16a0b431886b3c\"},\"headline\":\"Abrimos Plazo Extraordinario de matr\u00edcula para el Curso 2012\/2013\",\"datePublished\":\"2012-08-29T13:13:54+00:00\",\"mainEntityOfPage\":{\"@id\":\"https:\/\/www.lavirgendelcamino.info\/wordpress\/abrimos-plazo-extraordinario-de-matricula-para-el-curso-20122013\/\"},\"wordCount\":214,\"publisher\":{\"@id\":\"https:\/\/www.lavirgendelcamino.info\/wordpress\/#organization\"},\"image\":{\"@id\":\"https:\/\/www.lavirgendelcamino.info\/wordpress\/abrimos-plazo-extraordinario-de-matricula-para-el-curso-20122013\/#primaryimage\"},\"thumbnailUrl\":\"http:\/\/www.lavirgendelcamino.info\/wordpress\/wp-content\/uploads\/2012\/08\/logo-escuela-musica-300x186.jpg\",\"articleSection\":[\"Escuela Municipal de M\u00fasica de Valverde de la Virgen\"],\"inLanguage\":\"es\"},{\"@type\":\"WebPage\",\"@id\":\"https:\/\/www.lavirgendelcamino.info\/wordpress\/abrimos-plazo-extraordinario-de-matricula-para-el-curso-20122013\/\",\"url\":\"https:\/\/www.lavirgendelcamino.info\/wordpress\/abrimos-plazo-extraordinario-de-matricula-para-el-curso-20122013\/\",\"name\":\"Abrimos Plazo Extraordinario de matr\u00edcula para el Curso 2012\/2013 - La Virgen del Camino (Le\u00f3n)\",\"isPartOf\":{\"@id\":\"https:\/\/www.lavirgendelcamino.info\/wordpress\/#website\"},\"primaryImageOfPage\":{\"@id\":\"https:\/\/www.lavirgendelcamino.info\/wordpress\/abrimos-plazo-extraordinario-de-matricula-para-el-curso-20122013\/#primaryimage\"},\"image\":{\"@id\":\"https:\/\/www.lavirgendelcamino.info\/wordpress\/abrimos-plazo-extraordinario-de-matricula-para-el-curso-20122013\/#primaryimage\"},\"thumbnailUrl\":\"http:\/\/www.lavirgendelcamino.info\/wordpress\/wp-content\/uploads\/2012\/08\/logo-escuela-musica-300x186.jpg\",\"datePublished\":\"2012-08-29T13:13:54+00:00\",\"breadcrumb\":{\"@id\":\"https:\/\/www.lavirgendelcamino.info\/wordpress\/abrimos-plazo-extraordinario-de-matricula-para-el-curso-20122013\/#breadcrumb\"},\"inLanguage\":\"es\",\"potentialAction\":[{\"@type\":\"ReadAction\",\"target\":[\"https:\/\/www.lavirgendelcamino.info\/wordpress\/abrimos-plazo-extraordinario-de-matricula-para-el-curso-20122013\/\"]}]},{\"@type\":\"ImageObject\",\"inLanguage\":\"es\",\"@id\":\"https:\/\/www.lavirgendelcamino.info\/wordpress\/abrimos-plazo-extraordinario-de-matricula-para-el-curso-20122013\/#primaryimage\",\"url\":\"https:\/\/www.lavirgendelcamino.info\/wordpress\/wp-content\/uploads\/2012\/08\/logo-escuela-musica.jpg\",\"contentUrl\":\"https:\/\/www.lavirgendelcamino.info\/wordpress\/wp-content\/uploads\/2012\/08\/logo-escuela-musica.jpg\",\"width\":\"500\",\"height\":\"310\"},{\"@type\":\"BreadcrumbList\",\"@id\":\"https:\/\/www.lavirgendelcamino.info\/wordpress\/abrimos-plazo-extraordinario-de-matricula-para-el-curso-20122013\/#breadcrumb\",\"itemListElement\":[{\"@type\":\"ListItem\",\"position\":1,\"name\":\"Portada\",\"item\":\"https:\/\/www.lavirgendelcamino.info\/wordpress\/\"},{\"@type\":\"ListItem\",\"position\":2,\"name\":\"Abrimos Plazo Extraordinario de matr\u00edcula para el Curso 2012\/2013\"}]},{\"@type\":\"WebSite\",\"@id\":\"https:\/\/www.lavirgendelcamino.info\/wordpress\/#website\",\"url\":\"https:\/\/www.lavirgendelcamino.info\/wordpress\/\",\"name\":\"La Virgen del Camino (Le\u00f3n)\",\"description\":\"Sitio Web Oficial\",\"publisher\":{\"@id\":\"https:\/\/www.lavirgendelcamino.info\/wordpress\/#organization\"},\"potentialAction\":[{\"@type\":\"SearchAction\",\"target\":{\"@type\":\"EntryPoint\",\"urlTemplate\":\"https:\/\/www.lavirgendelcamino.info\/wordpress\/?s={search_term_string}\"},\"query-input\":{\"@type\":\"PropertyValueSpecification\",\"valueRequired\":true,\"valueName\":\"search_term_string\"}}],\"inLanguage\":\"es\"},{\"@type\":\"Organization\",\"@id\":\"https:\/\/www.lavirgendelcamino.info\/wordpress\/#organization\",\"name\":\"Ayuntamiento de Valverde de la Virgen\",\"url\":\"https:\/\/www.lavirgendelcamino.info\/wordpress\/\",\"logo\":{\"@type\":\"ImageObject\",\"inLanguage\":\"es\",\"@id\":\"https:\/\/www.lavirgendelcamino.info\/wordpress\/#\/schema\/logo\/image\/\",\"url\":\"https:\/\/www.lavirgendelcamino.info\/wordpress\/wp-content\/uploads\/2015\/07\/aytovalverdevector.png\",\"contentUrl\":\"https:\/\/www.lavirgendelcamino.info\/wordpress\/wp-content\/uploads\/2015\/07\/aytovalverdevector.png\",\"width\":371,\"height\":429,\"caption\":\"Ayuntamiento de Valverde de la Virgen\"},\"image\":{\"@id\":\"https:\/\/www.lavirgendelcamino.info\/wordpress\/#\/schema\/logo\/image\/\"},\"sameAs\":[\"http:\/\/www.facebook.com\/ayuntamientovalverdedelavirgen\",\"https:\/\/x.com\/valverdevirgen\",\"http:\/\/www.instagram.com\/valverdevirgen\/\"]},{\"@type\":\"Person\",\"@id\":\"https:\/\/www.lavirgendelcamino.info\/wordpress\/#\/schema\/person\/fb0f529ada510dd5fe16a0b431886b3c\",\"name\":\"profesoresmusica\",\"image\":{\"@type\":\"ImageObject\",\"inLanguage\":\"es\",\"@id\":\"https:\/\/www.lavirgendelcamino.info\/wordpress\/#\/schema\/person\/image\/\",\"url\":\"https:\/\/www.lavirgendelcamino.info\/wordpress\/wp-content\/uploads\/2012\/08\/logo-escuela-musica-150x150.jpg\",\"contentUrl\":\"https:\/\/www.lavirgendelcamino.info\/wordpress\/wp-content\/uploads\/2012\/08\/logo-escuela-musica-150x150.jpg\",\"caption\":\"profesoresmusica\"},\"sameAs\":[\"http:\/\/www.lavirgendelcamino.info\"],\"url\":\"https:\/\/www.lavirgendelcamino.info\/wordpress\/author\/profesoresmusica\/\"}]}<\/script>\n<!-- \/ Yoast SEO plugin. -->","yoast_head_json":{"title":"Abrimos Plazo Extraordinario de matr\u00edcula para el Curso 2012\/2013 - La Virgen del Camino (Le\u00f3n)","robots":{"index":"index","follow":"follow","max-snippet":"max-snippet:-1","max-image-preview":"max-image-preview:large","max-video-preview":"max-video-preview:-1"},"canonical":"https:\/\/www.lavirgendelcamino.info\/wordpress\/abrimos-plazo-extraordinario-de-matricula-para-el-curso-20122013\/","og_locale":"es_ES","og_type":"article","og_title":"Abrimos Plazo Extraordinario de matr\u00edcula para el Curso 2012\/2013 - La Virgen del Camino (Le\u00f3n)","og_url":"https:\/\/www.lavirgendelcamino.info\/wordpress\/abrimos-plazo-extraordinario-de-matricula-para-el-curso-20122013\/","og_site_name":"La Virgen del Camino (Le\u00f3n)","article_publisher":"http:\/\/www.facebook.com\/ayuntamientovalverdedelavirgen","article_published_time":"2012-08-29T13:13:54+00:00","og_image":[{"url":"http:\/\/www.lavirgendelcamino.info\/wordpress\/wp-content\/uploads\/2012\/08\/logo-escuela-musica-300x186.jpg","type":"","width":"","height":""}],"author":"profesoresmusica","twitter_card":"summary_large_image","twitter_creator":"@valverdevirgen","twitter_site":"@valverdevirgen","twitter_misc":{"Escrito por":"profesoresmusica","Tiempo de lectura":"1 minuto"},"schema":{"@context":"https:\/\/schema.org","@graph":[{"@type":"Article","@id":"https:\/\/www.lavirgendelcamino.info\/wordpress\/abrimos-plazo-extraordinario-de-matricula-para-el-curso-20122013\/#article","isPartOf":{"@id":"https:\/\/www.lavirgendelcamino.info\/wordpress\/abrimos-plazo-extraordinario-de-matricula-para-el-curso-20122013\/"},"author":{"name":"profesoresmusica","@id":"https:\/\/www.lavirgendelcamino.info\/wordpress\/#\/schema\/person\/fb0f529ada510dd5fe16a0b431886b3c"},"headline":"Abrimos Plazo Extraordinario de matr\u00edcula para el Curso 2012\/2013","datePublished":"2012-08-29T13:13:54+00:00","mainEntityOfPage":{"@id":"https:\/\/www.lavirgendelcamino.info\/wordpress\/abrimos-plazo-extraordinario-de-matricula-para-el-curso-20122013\/"},"wordCount":214,"publisher":{"@id":"https:\/\/www.lavirgendelcamino.info\/wordpress\/#organization"},"image":{"@id":"https:\/\/www.lavirgendelcamino.info\/wordpress\/abrimos-plazo-extraordinario-de-matricula-para-el-curso-20122013\/#primaryimage"},"thumbnailUrl":"http:\/\/www.lavirgendelcamino.info\/wordpress\/wp-content\/uploads\/2012\/08\/logo-escuela-musica-300x186.jpg","articleSection":["Escuela Municipal de M\u00fasica de Valverde de la Virgen"],"inLanguage":"es"},{"@type":"WebPage","@id":"https:\/\/www.lavirgendelcamino.info\/wordpress\/abrimos-plazo-extraordinario-de-matricula-para-el-curso-20122013\/","url":"https:\/\/www.lavirgendelcamino.info\/wordpress\/abrimos-plazo-extraordinario-de-matricula-para-el-curso-20122013\/","name":"Abrimos Plazo Extraordinario de matr\u00edcula para el Curso 2012\/2013 - La Virgen del Camino (Le\u00f3n)","isPartOf":{"@id":"https:\/\/www.lavirgendelcamino.info\/wordpress\/#website"},"primaryImageOfPage":{"@id":"https:\/\/www.lavirgendelcamino.info\/wordpress\/abrimos-plazo-extraordinario-de-matricula-para-el-curso-20122013\/#primaryimage"},"image":{"@id":"https:\/\/www.lavirgendelcamino.info\/wordpress\/abrimos-plazo-extraordinario-de-matricula-para-el-curso-20122013\/#primaryimage"},"thumbnailUrl":"http:\/\/www.lavirgendelcamino.info\/wordpress\/wp-content\/uploads\/2012\/08\/logo-escuela-musica-300x186.jpg","datePublished":"2012-08-29T13:13:54+00:00","breadcrumb":{"@id":"https:\/\/www.lavirgendelcamino.info\/wordpress\/abrimos-plazo-extraordinario-de-matricula-para-el-curso-20122013\/#breadcrumb"},"inLanguage":"es","potentialAction":[{"@type":"ReadAction","target":["https:\/\/www.lavirgendelcamino.info\/wordpress\/abrimos-plazo-extraordinario-de-matricula-para-el-curso-20122013\/"]}]},{"@type":"ImageObject","inLanguage":"es","@id":"https:\/\/www.lavirgendelcamino.info\/wordpress\/abrimos-plazo-extraordinario-de-matricula-para-el-curso-20122013\/#primaryimage","url":"https:\/\/www.lavirgendelcamino.info\/wordpress\/wp-content\/uploads\/2012\/08\/logo-escuela-musica.jpg","contentUrl":"https:\/\/www.lavirgendelcamino.info\/wordpress\/wp-content\/uploads\/2012\/08\/logo-escuela-musica.jpg","width":"500","height":"310"},{"@type":"BreadcrumbList","@id":"https:\/\/www.lavirgendelcamino.info\/wordpress\/abrimos-plazo-extraordinario-de-matricula-para-el-curso-20122013\/#breadcrumb","itemListElement":[{"@type":"ListItem","position":1,"name":"Portada","item":"https:\/\/www.lavirgendelcamino.info\/wordpress\/"},{"@type":"ListItem","position":2,"name":"Abrimos Plazo Extraordinario de matr\u00edcula para el Curso 2012\/2013"}]},{"@type":"WebSite","@id":"https:\/\/www.lavirgendelcamino.info\/wordpress\/#website","url":"https:\/\/www.lavirgendelcamino.info\/wordpress\/","name":"La Virgen del Camino (Le\u00f3n)","description":"Sitio Web Oficial","publisher":{"@id":"https:\/\/www.lavirgendelcamino.info\/wordpress\/#organization"},"potentialAction":[{"@type":"SearchAction","target":{"@type":"EntryPoint","urlTemplate":"https:\/\/www.lavirgendelcamino.info\/wordpress\/?s={search_term_string}"},"query-input":{"@type":"PropertyValueSpecification","valueRequired":true,"valueName":"search_term_string"}}],"inLanguage":"es"},{"@type":"Organization","@id":"https:\/\/www.lavirgendelcamino.info\/wordpress\/#organization","name":"Ayuntamiento de Valverde de la Virgen","url":"https:\/\/www.lavirgendelcamino.info\/wordpress\/","logo":{"@type":"ImageObject","inLanguage":"es","@id":"https:\/\/www.lavirgendelcamino.info\/wordpress\/#\/schema\/logo\/image\/","url":"https:\/\/www.lavirgendelcamino.info\/wordpress\/wp-content\/uploads\/2015\/07\/aytovalverdevector.png","contentUrl":"https:\/\/www.lavirgendelcamino.info\/wordpress\/wp-content\/uploads\/2015\/07\/aytovalverdevector.png","width":371,"height":429,"caption":"Ayuntamiento de Valverde de la Virgen"},"image":{"@id":"https:\/\/www.lavirgendelcamino.info\/wordpress\/#\/schema\/logo\/image\/"},"sameAs":["http:\/\/www.facebook.com\/ayuntamientovalverdedelavirgen","https:\/\/x.com\/valverdevirgen","http:\/\/www.instagram.com\/valverdevirgen\/"]},{"@type":"Person","@id":"https:\/\/www.lavirgendelcamino.info\/wordpress\/#\/schema\/person\/fb0f529ada510dd5fe16a0b431886b3c","name":"profesoresmusica","image":{"@type":"ImageObject","inLanguage":"es","@id":"https:\/\/www.lavirgendelcamino.info\/wordpress\/#\/schema\/person\/image\/","url":"https:\/\/www.lavirgendelcamino.info\/wordpress\/wp-content\/uploads\/2012\/08\/logo-escuela-musica-150x150.jpg","contentUrl":"https:\/\/www.lavirgendelcamino.info\/wordpress\/wp-content\/uploads\/2012\/08\/logo-escuela-musica-150x150.jpg","caption":"profesoresmusica"},"sameAs":["http:\/\/www.lavirgendelcamino.info"],"url":"https:\/\/www.lavirgendelcamino.info\/wordpress\/author\/profesoresmusica\/"}]}},"_links":{"self":[{"href":"https:\/\/www.lavirgendelcamino.info\/wordpress\/wp-json\/wp\/v2\/posts\/3845","targetHints":{"allow":["GET"]}}],"collection":[{"href":"https:\/\/www.lavirgendelcamino.info\/wordpress\/wp-json\/wp\/v2\/posts"}],"about":[{"href":"https:\/\/www.lavirgendelcamino.info\/wordpress\/wp-json\/wp\/v2\/types\/post"}],"author":[{"embeddable":true,"href":"https:\/\/www.lavirgendelcamino.info\/wordpress\/wp-json\/wp\/v2\/users\/12"}],"replies":[{"embeddable":true,"href":"https:\/\/www.lavirgendelcamino.info\/wordpress\/wp-json\/wp\/v2\/comments?post=3845"}],"version-history":[{"count":0,"href":"https:\/\/www.lavirgendelcamino.info\/wordpress\/wp-json\/wp\/v2\/posts\/3845\/revisions"}],"wp:attachment":[{"href":"https:\/\/www.lavirgendelcamino.info\/wordpress\/wp-json\/wp\/v2\/media?parent=3845"}],"wp:term":[{"taxonomy":"category","embeddable":true,"href":"https:\/\/www.lavirgendelcamino.info\/wordpress\/wp-json\/wp\/v2\/categories?post=3845"},{"taxonomy":"post_tag","embeddable":true,"href":"https:\/\/www.lavirgendelcamino.info\/wordpress\/wp-json\/wp\/v2\/tags?post=3845"}],"curies":[{"name":"wp","href":"https:\/\/api.w.org\/{rel}","templated":true}]}}