{"id":4781,"date":"2013-02-05T07:45:41","date_gmt":"2013-02-05T06:45:41","guid":{"rendered":"http:\/\/www.lavirgendelcamino.info\/wordpress\/?p=4781"},"modified":"2013-02-05T21:02:59","modified_gmt":"2013-02-05T20:02:59","slug":"rebeca-polo-se-impuso-en-el-campeonato-provincial-de-ajedrez-por-edades","status":"publish","type":"post","link":"https:\/\/www.lavirgendelcamino.info\/wordpress\/rebeca-polo-se-impuso-en-el-campeonato-provincial-de-ajedrez-por-edades\/","title":{"rendered":"Rebeca Polo se impuso en el Campeonato Provincial de Ajedrez por Edades"},"content":{"rendered":"<figure id=\"attachment_4783\" aria-describedby=\"caption-attachment-4783\" style=\"width: 295px\" class=\"wp-caption alignleft\"><img loading=\"lazy\" decoding=\"async\" class=\"size-full wp-image-4783\" title=\"Rebeca Polo\" src=\"http:\/\/www.lavirgendelcamino.info\/wordpress\/wp-content\/uploads\/2013\/02\/Rebeca-Polo.jpg\" alt=\"\" width=\"295\" height=\"221\" srcset=\"https:\/\/www.lavirgendelcamino.info\/wordpress\/wp-content\/uploads\/2013\/02\/Rebeca-Polo.jpg 819w, https:\/\/www.lavirgendelcamino.info\/wordpress\/wp-content\/uploads\/2013\/02\/Rebeca-Polo-300x225.jpg 300w\" sizes=\"auto, (max-width: 295px) 100vw, 295px\" \/><figcaption id=\"caption-attachment-4783\" class=\"wp-caption-text\">Rebeca Polo volvi\u00f3 a demostrar su talento<\/figcaption><\/figure>\n<p style=\"text-align: justify;\">Durante el pasado mes de Enero se celebraron, en el estadio Reino de Le\u00f3n los campeonatos provinciales de edades que han logrado reunir a un centenar de j\u00f3venes ajedrecistas, repartidos en seis categor\u00edas.<\/p>\n<p style=\"text-align: justify;\">La vecina de La Virgen del Camino, <strong>Rebeca Polo<\/strong>, perteneciente a la Escuela Deportiva que dirige Jose Manuel Sanzo, logr\u00f3 quedar tercera en la general de la categor\u00eda Pre-Benjam\u00edn, siendo la primera chica y por tanto campeona de la categor\u00eda.<\/p>\n<p style=\"text-align: justify;\">En categor\u00eda Benjamin, se logr\u00f3 una alt\u00edsima participaci\u00f3n con 39 ni\u00f1os. Durante las seis partidas programadas, se registr\u00f3 un triple empate en la cabeza entre F\u00e9lix Quintana, <strong>Justin Bejinaru<\/strong> (Escuela Deportiva de La Virgen del Camino) y Pablo C\u00e1rcoba, a cinco puntos, que se resolvi\u00f3 como ya es tradicional en estos torneos por el sistema \u2018suizo\u2019, con el desempate Bucholz\u00a0 \u2013suma de los puntos de todos los jugadores a los que se enfrenta cada uno\u2013, favoreciendo a F\u00e9lix y relegando a <strong>Justin<\/strong> a la segunda\u00a0posici\u00f3n.<\/p>\n<p style=\"text-align: justify;\">Todos los campeones representar\u00e1n a Le\u00f3n en los campeonatos auton\u00f3micos a celebrar durante el fin de semana anterior a la Semana Santa, en B\u00e9jar (Salamanca).<\/p>\n<p style=\"text-align: justify;\">La pr\u00f3xima cita de la afici\u00f3n ajedrec\u00edstica leonesa ser\u00e1 el campeonato provincial absoluto que comenzar\u00e1 el pr\u00f3ximo s\u00e1bado d\u00eda 9 de Febrero, en el sal\u00f3n de actos del Estadio de F\u00fatbol Reino de Le\u00f3n.<\/p>\n","protected":false},"excerpt":{"rendered":"<p>Durante el pasado mes de Enero se celebraron, en el estadio Reino de Le\u00f3n los campeonatos provinciales de edades que han logrado reunir a un centenar de j\u00f3venes ajedrecistas, repartidos en seis categor\u00edas. La vecina de La Virgen del Camino, Rebeca Polo, perteneciente a la Escuela Deportiva que dirige Jose Manuel Sanzo, logr\u00f3 quedar tercera [&hellip;]<\/p>\n","protected":false},"author":1,"featured_media":0,"comment_status":"closed","ping_status":"closed","sticky":false,"template":"","format":"standard","meta":{"footnotes":""},"categories":[19],"tags":[119,189,188,187],"class_list":["post-4781","post","type-post","status-publish","format-standard","hentry","category-deportes","tag-ajedrez","tag-edades","tag-provincial","tag-rebeca-polo"],"yoast_head":"<!-- This site is optimized with the Yoast SEO plugin v26.9 - https:\/\/yoast.com\/product\/yoast-seo-wordpress\/ -->\n<title>Rebeca Polo se impuso en el Campeonato Provincial de Ajedrez por Edades - La Virgen del Camino (Le\u00f3n)<\/title>\n<meta name=\"robots\" content=\"index, follow, max-snippet:-1, max-image-preview:large, max-video-preview:-1\" \/>\n<link rel=\"canonical\" href=\"https:\/\/www.lavirgendelcamino.info\/wordpress\/rebeca-polo-se-impuso-en-el-campeonato-provincial-de-ajedrez-por-edades\/\" \/>\n<meta property=\"og:locale\" content=\"es_ES\" \/>\n<meta property=\"og:type\" content=\"article\" \/>\n<meta property=\"og:title\" content=\"Rebeca Polo se impuso en el Campeonato Provincial de Ajedrez por Edades - La Virgen del Camino (Le\u00f3n)\" \/>\n<meta property=\"og:url\" content=\"https:\/\/www.lavirgendelcamino.info\/wordpress\/rebeca-polo-se-impuso-en-el-campeonato-provincial-de-ajedrez-por-edades\/\" \/>\n<meta property=\"og:site_name\" content=\"La Virgen del Camino (Le\u00f3n)\" \/>\n<meta property=\"article:publisher\" content=\"http:\/\/www.facebook.com\/ayuntamientovalverdedelavirgen\" \/>\n<meta property=\"article:author\" content=\"http:\/\/www.facebook.com\/victoralvarez7\" \/>\n<meta property=\"article:published_time\" content=\"2013-02-05T06:45:41+00:00\" \/>\n<meta property=\"article:modified_time\" content=\"2013-02-05T20:02:59+00:00\" \/>\n<meta property=\"og:image\" content=\"http:\/\/www.lavirgendelcamino.info\/wordpress\/wp-content\/uploads\/2013\/02\/Rebeca-Polo.jpg\" \/>\n<meta name=\"author\" content=\"V\u00edctor\" \/>\n<meta name=\"twitter:card\" content=\"summary_large_image\" \/>\n<meta name=\"twitter:creator\" content=\"@valverdevirgen\" \/>\n<meta name=\"twitter:site\" content=\"@valverdevirgen\" \/>\n<meta name=\"twitter:label1\" content=\"Escrito por\" \/>\n\t<meta name=\"twitter:data1\" content=\"V\u00edctor\" \/>\n\t<meta name=\"twitter:label2\" content=\"Tiempo de lectura\" \/>\n\t<meta name=\"twitter:data2\" content=\"1 minuto\" \/>\n<script type=\"application\/ld+json\" class=\"yoast-schema-graph\">{\"@context\":\"https:\/\/schema.org\",\"@graph\":[{\"@type\":\"Article\",\"@id\":\"https:\/\/www.lavirgendelcamino.info\/wordpress\/rebeca-polo-se-impuso-en-el-campeonato-provincial-de-ajedrez-por-edades\/#article\",\"isPartOf\":{\"@id\":\"https:\/\/www.lavirgendelcamino.info\/wordpress\/rebeca-polo-se-impuso-en-el-campeonato-provincial-de-ajedrez-por-edades\/\"},\"author\":{\"name\":\"V\u00edctor\",\"@id\":\"https:\/\/www.lavirgendelcamino.info\/wordpress\/#\/schema\/person\/1cd7bc190e45908cbf77185016bd56e6\"},\"headline\":\"Rebeca Polo se impuso en el Campeonato Provincial de Ajedrez por Edades\",\"datePublished\":\"2013-02-05T06:45:41+00:00\",\"dateModified\":\"2013-02-05T20:02:59+00:00\",\"mainEntityOfPage\":{\"@id\":\"https:\/\/www.lavirgendelcamino.info\/wordpress\/rebeca-polo-se-impuso-en-el-campeonato-provincial-de-ajedrez-por-edades\/\"},\"wordCount\":270,\"publisher\":{\"@id\":\"https:\/\/www.lavirgendelcamino.info\/wordpress\/#organization\"},\"image\":{\"@id\":\"https:\/\/www.lavirgendelcamino.info\/wordpress\/rebeca-polo-se-impuso-en-el-campeonato-provincial-de-ajedrez-por-edades\/#primaryimage\"},\"thumbnailUrl\":\"http:\/\/www.lavirgendelcamino.info\/wordpress\/wp-content\/uploads\/2013\/02\/Rebeca-Polo.jpg\",\"keywords\":[\"Ajedrez\",\"Edades\",\"Provincial\",\"Rebeca Polo\"],\"articleSection\":[\"Deportes\"],\"inLanguage\":\"es\"},{\"@type\":\"WebPage\",\"@id\":\"https:\/\/www.lavirgendelcamino.info\/wordpress\/rebeca-polo-se-impuso-en-el-campeonato-provincial-de-ajedrez-por-edades\/\",\"url\":\"https:\/\/www.lavirgendelcamino.info\/wordpress\/rebeca-polo-se-impuso-en-el-campeonato-provincial-de-ajedrez-por-edades\/\",\"name\":\"Rebeca Polo se impuso en el Campeonato Provincial de Ajedrez por Edades - La Virgen del Camino (Le\u00f3n)\",\"isPartOf\":{\"@id\":\"https:\/\/www.lavirgendelcamino.info\/wordpress\/#website\"},\"primaryImageOfPage\":{\"@id\":\"https:\/\/www.lavirgendelcamino.info\/wordpress\/rebeca-polo-se-impuso-en-el-campeonato-provincial-de-ajedrez-por-edades\/#primaryimage\"},\"image\":{\"@id\":\"https:\/\/www.lavirgendelcamino.info\/wordpress\/rebeca-polo-se-impuso-en-el-campeonato-provincial-de-ajedrez-por-edades\/#primaryimage\"},\"thumbnailUrl\":\"http:\/\/www.lavirgendelcamino.info\/wordpress\/wp-content\/uploads\/2013\/02\/Rebeca-Polo.jpg\",\"datePublished\":\"2013-02-05T06:45:41+00:00\",\"dateModified\":\"2013-02-05T20:02:59+00:00\",\"breadcrumb\":{\"@id\":\"https:\/\/www.lavirgendelcamino.info\/wordpress\/rebeca-polo-se-impuso-en-el-campeonato-provincial-de-ajedrez-por-edades\/#breadcrumb\"},\"inLanguage\":\"es\",\"potentialAction\":[{\"@type\":\"ReadAction\",\"target\":[\"https:\/\/www.lavirgendelcamino.info\/wordpress\/rebeca-polo-se-impuso-en-el-campeonato-provincial-de-ajedrez-por-edades\/\"]}]},{\"@type\":\"ImageObject\",\"inLanguage\":\"es\",\"@id\":\"https:\/\/www.lavirgendelcamino.info\/wordpress\/rebeca-polo-se-impuso-en-el-campeonato-provincial-de-ajedrez-por-edades\/#primaryimage\",\"url\":\"https:\/\/www.lavirgendelcamino.info\/wordpress\/wp-content\/uploads\/2013\/02\/Rebeca-Polo.jpg\",\"contentUrl\":\"https:\/\/www.lavirgendelcamino.info\/wordpress\/wp-content\/uploads\/2013\/02\/Rebeca-Polo.jpg\",\"width\":\"819\",\"height\":\"614\"},{\"@type\":\"BreadcrumbList\",\"@id\":\"https:\/\/www.lavirgendelcamino.info\/wordpress\/rebeca-polo-se-impuso-en-el-campeonato-provincial-de-ajedrez-por-edades\/#breadcrumb\",\"itemListElement\":[{\"@type\":\"ListItem\",\"position\":1,\"name\":\"Portada\",\"item\":\"https:\/\/www.lavirgendelcamino.info\/wordpress\/\"},{\"@type\":\"ListItem\",\"position\":2,\"name\":\"Rebeca Polo se impuso en el Campeonato Provincial de Ajedrez por Edades\"}]},{\"@type\":\"WebSite\",\"@id\":\"https:\/\/www.lavirgendelcamino.info\/wordpress\/#website\",\"url\":\"https:\/\/www.lavirgendelcamino.info\/wordpress\/\",\"name\":\"La Virgen del Camino (Le\u00f3n)\",\"description\":\"Sitio Web Oficial\",\"publisher\":{\"@id\":\"https:\/\/www.lavirgendelcamino.info\/wordpress\/#organization\"},\"potentialAction\":[{\"@type\":\"SearchAction\",\"target\":{\"@type\":\"EntryPoint\",\"urlTemplate\":\"https:\/\/www.lavirgendelcamino.info\/wordpress\/?s={search_term_string}\"},\"query-input\":{\"@type\":\"PropertyValueSpecification\",\"valueRequired\":true,\"valueName\":\"search_term_string\"}}],\"inLanguage\":\"es\"},{\"@type\":\"Organization\",\"@id\":\"https:\/\/www.lavirgendelcamino.info\/wordpress\/#organization\",\"name\":\"Ayuntamiento de Valverde de la Virgen\",\"url\":\"https:\/\/www.lavirgendelcamino.info\/wordpress\/\",\"logo\":{\"@type\":\"ImageObject\",\"inLanguage\":\"es\",\"@id\":\"https:\/\/www.lavirgendelcamino.info\/wordpress\/#\/schema\/logo\/image\/\",\"url\":\"https:\/\/www.lavirgendelcamino.info\/wordpress\/wp-content\/uploads\/2015\/07\/aytovalverdevector.png\",\"contentUrl\":\"https:\/\/www.lavirgendelcamino.info\/wordpress\/wp-content\/uploads\/2015\/07\/aytovalverdevector.png\",\"width\":371,\"height\":429,\"caption\":\"Ayuntamiento de Valverde de la Virgen\"},\"image\":{\"@id\":\"https:\/\/www.lavirgendelcamino.info\/wordpress\/#\/schema\/logo\/image\/\"},\"sameAs\":[\"http:\/\/www.facebook.com\/ayuntamientovalverdedelavirgen\",\"https:\/\/x.com\/valverdevirgen\",\"http:\/\/www.instagram.com\/valverdevirgen\/\"]},{\"@type\":\"Person\",\"@id\":\"https:\/\/www.lavirgendelcamino.info\/wordpress\/#\/schema\/person\/1cd7bc190e45908cbf77185016bd56e6\",\"name\":\"V\u00edctor\",\"image\":{\"@type\":\"ImageObject\",\"inLanguage\":\"es\",\"@id\":\"https:\/\/www.lavirgendelcamino.info\/wordpress\/#\/schema\/person\/image\/\",\"url\":\"https:\/\/www.lavirgendelcamino.info\/wordpress\/wp-content\/uploads\/2023\/11\/346858673_790228009105456_5108495650941352509_n-150x150.jpg\",\"contentUrl\":\"https:\/\/www.lavirgendelcamino.info\/wordpress\/wp-content\/uploads\/2023\/11\/346858673_790228009105456_5108495650941352509_n-150x150.jpg\",\"caption\":\"V\u00edctor\"},\"sameAs\":[\"http:\/\/www.lavirgendelcamino.info\",\"http:\/\/www.facebook.com\/victoralvarez7\",\"http:\/\/instagram.com\/victoralfer\/\",\"https:\/\/x.com\/@valverdevirgen\",\"http:\/\/www.youtube.com\/user\/victoralfer\"],\"url\":\"https:\/\/www.lavirgendelcamino.info\/wordpress\/author\/victoralfer\/\"}]}<\/script>\n<!-- \/ Yoast SEO plugin. -->","yoast_head_json":{"title":"Rebeca Polo se impuso en el Campeonato Provincial de Ajedrez por Edades - La Virgen del Camino (Le\u00f3n)","robots":{"index":"index","follow":"follow","max-snippet":"max-snippet:-1","max-image-preview":"max-image-preview:large","max-video-preview":"max-video-preview:-1"},"canonical":"https:\/\/www.lavirgendelcamino.info\/wordpress\/rebeca-polo-se-impuso-en-el-campeonato-provincial-de-ajedrez-por-edades\/","og_locale":"es_ES","og_type":"article","og_title":"Rebeca Polo se impuso en el Campeonato Provincial de Ajedrez por Edades - La Virgen del Camino (Le\u00f3n)","og_url":"https:\/\/www.lavirgendelcamino.info\/wordpress\/rebeca-polo-se-impuso-en-el-campeonato-provincial-de-ajedrez-por-edades\/","og_site_name":"La Virgen del Camino (Le\u00f3n)","article_publisher":"http:\/\/www.facebook.com\/ayuntamientovalverdedelavirgen","article_author":"http:\/\/www.facebook.com\/victoralvarez7","article_published_time":"2013-02-05T06:45:41+00:00","article_modified_time":"2013-02-05T20:02:59+00:00","og_image":[{"url":"http:\/\/www.lavirgendelcamino.info\/wordpress\/wp-content\/uploads\/2013\/02\/Rebeca-Polo.jpg","type":"","width":"","height":""}],"author":"V\u00edctor","twitter_card":"summary_large_image","twitter_creator":"@valverdevirgen","twitter_site":"@valverdevirgen","twitter_misc":{"Escrito por":"V\u00edctor","Tiempo de lectura":"1 minuto"},"schema":{"@context":"https:\/\/schema.org","@graph":[{"@type":"Article","@id":"https:\/\/www.lavirgendelcamino.info\/wordpress\/rebeca-polo-se-impuso-en-el-campeonato-provincial-de-ajedrez-por-edades\/#article","isPartOf":{"@id":"https:\/\/www.lavirgendelcamino.info\/wordpress\/rebeca-polo-se-impuso-en-el-campeonato-provincial-de-ajedrez-por-edades\/"},"author":{"name":"V\u00edctor","@id":"https:\/\/www.lavirgendelcamino.info\/wordpress\/#\/schema\/person\/1cd7bc190e45908cbf77185016bd56e6"},"headline":"Rebeca Polo se impuso en el Campeonato Provincial de Ajedrez por Edades","datePublished":"2013-02-05T06:45:41+00:00","dateModified":"2013-02-05T20:02:59+00:00","mainEntityOfPage":{"@id":"https:\/\/www.lavirgendelcamino.info\/wordpress\/rebeca-polo-se-impuso-en-el-campeonato-provincial-de-ajedrez-por-edades\/"},"wordCount":270,"publisher":{"@id":"https:\/\/www.lavirgendelcamino.info\/wordpress\/#organization"},"image":{"@id":"https:\/\/www.lavirgendelcamino.info\/wordpress\/rebeca-polo-se-impuso-en-el-campeonato-provincial-de-ajedrez-por-edades\/#primaryimage"},"thumbnailUrl":"http:\/\/www.lavirgendelcamino.info\/wordpress\/wp-content\/uploads\/2013\/02\/Rebeca-Polo.jpg","keywords":["Ajedrez","Edades","Provincial","Rebeca Polo"],"articleSection":["Deportes"],"inLanguage":"es"},{"@type":"WebPage","@id":"https:\/\/www.lavirgendelcamino.info\/wordpress\/rebeca-polo-se-impuso-en-el-campeonato-provincial-de-ajedrez-por-edades\/","url":"https:\/\/www.lavirgendelcamino.info\/wordpress\/rebeca-polo-se-impuso-en-el-campeonato-provincial-de-ajedrez-por-edades\/","name":"Rebeca Polo se impuso en el Campeonato Provincial de Ajedrez por Edades - La Virgen del Camino (Le\u00f3n)","isPartOf":{"@id":"https:\/\/www.lavirgendelcamino.info\/wordpress\/#website"},"primaryImageOfPage":{"@id":"https:\/\/www.lavirgendelcamino.info\/wordpress\/rebeca-polo-se-impuso-en-el-campeonato-provincial-de-ajedrez-por-edades\/#primaryimage"},"image":{"@id":"https:\/\/www.lavirgendelcamino.info\/wordpress\/rebeca-polo-se-impuso-en-el-campeonato-provincial-de-ajedrez-por-edades\/#primaryimage"},"thumbnailUrl":"http:\/\/www.lavirgendelcamino.info\/wordpress\/wp-content\/uploads\/2013\/02\/Rebeca-Polo.jpg","datePublished":"2013-02-05T06:45:41+00:00","dateModified":"2013-02-05T20:02:59+00:00","breadcrumb":{"@id":"https:\/\/www.lavirgendelcamino.info\/wordpress\/rebeca-polo-se-impuso-en-el-campeonato-provincial-de-ajedrez-por-edades\/#breadcrumb"},"inLanguage":"es","potentialAction":[{"@type":"ReadAction","target":["https:\/\/www.lavirgendelcamino.info\/wordpress\/rebeca-polo-se-impuso-en-el-campeonato-provincial-de-ajedrez-por-edades\/"]}]},{"@type":"ImageObject","inLanguage":"es","@id":"https:\/\/www.lavirgendelcamino.info\/wordpress\/rebeca-polo-se-impuso-en-el-campeonato-provincial-de-ajedrez-por-edades\/#primaryimage","url":"https:\/\/www.lavirgendelcamino.info\/wordpress\/wp-content\/uploads\/2013\/02\/Rebeca-Polo.jpg","contentUrl":"https:\/\/www.lavirgendelcamino.info\/wordpress\/wp-content\/uploads\/2013\/02\/Rebeca-Polo.jpg","width":"819","height":"614"},{"@type":"BreadcrumbList","@id":"https:\/\/www.lavirgendelcamino.info\/wordpress\/rebeca-polo-se-impuso-en-el-campeonato-provincial-de-ajedrez-por-edades\/#breadcrumb","itemListElement":[{"@type":"ListItem","position":1,"name":"Portada","item":"https:\/\/www.lavirgendelcamino.info\/wordpress\/"},{"@type":"ListItem","position":2,"name":"Rebeca Polo se impuso en el Campeonato Provincial de Ajedrez por Edades"}]},{"@type":"WebSite","@id":"https:\/\/www.lavirgendelcamino.info\/wordpress\/#website","url":"https:\/\/www.lavirgendelcamino.info\/wordpress\/","name":"La Virgen del Camino (Le\u00f3n)","description":"Sitio Web Oficial","publisher":{"@id":"https:\/\/www.lavirgendelcamino.info\/wordpress\/#organization"},"potentialAction":[{"@type":"SearchAction","target":{"@type":"EntryPoint","urlTemplate":"https:\/\/www.lavirgendelcamino.info\/wordpress\/?s={search_term_string}"},"query-input":{"@type":"PropertyValueSpecification","valueRequired":true,"valueName":"search_term_string"}}],"inLanguage":"es"},{"@type":"Organization","@id":"https:\/\/www.lavirgendelcamino.info\/wordpress\/#organization","name":"Ayuntamiento de Valverde de la Virgen","url":"https:\/\/www.lavirgendelcamino.info\/wordpress\/","logo":{"@type":"ImageObject","inLanguage":"es","@id":"https:\/\/www.lavirgendelcamino.info\/wordpress\/#\/schema\/logo\/image\/","url":"https:\/\/www.lavirgendelcamino.info\/wordpress\/wp-content\/uploads\/2015\/07\/aytovalverdevector.png","contentUrl":"https:\/\/www.lavirgendelcamino.info\/wordpress\/wp-content\/uploads\/2015\/07\/aytovalverdevector.png","width":371,"height":429,"caption":"Ayuntamiento de Valverde de la Virgen"},"image":{"@id":"https:\/\/www.lavirgendelcamino.info\/wordpress\/#\/schema\/logo\/image\/"},"sameAs":["http:\/\/www.facebook.com\/ayuntamientovalverdedelavirgen","https:\/\/x.com\/valverdevirgen","http:\/\/www.instagram.com\/valverdevirgen\/"]},{"@type":"Person","@id":"https:\/\/www.lavirgendelcamino.info\/wordpress\/#\/schema\/person\/1cd7bc190e45908cbf77185016bd56e6","name":"V\u00edctor","image":{"@type":"ImageObject","inLanguage":"es","@id":"https:\/\/www.lavirgendelcamino.info\/wordpress\/#\/schema\/person\/image\/","url":"https:\/\/www.lavirgendelcamino.info\/wordpress\/wp-content\/uploads\/2023\/11\/346858673_790228009105456_5108495650941352509_n-150x150.jpg","contentUrl":"https:\/\/www.lavirgendelcamino.info\/wordpress\/wp-content\/uploads\/2023\/11\/346858673_790228009105456_5108495650941352509_n-150x150.jpg","caption":"V\u00edctor"},"sameAs":["http:\/\/www.lavirgendelcamino.info","http:\/\/www.facebook.com\/victoralvarez7","http:\/\/instagram.com\/victoralfer\/","https:\/\/x.com\/@valverdevirgen","http:\/\/www.youtube.com\/user\/victoralfer"],"url":"https:\/\/www.lavirgendelcamino.info\/wordpress\/author\/victoralfer\/"}]}},"_links":{"self":[{"href":"https:\/\/www.lavirgendelcamino.info\/wordpress\/wp-json\/wp\/v2\/posts\/4781","targetHints":{"allow":["GET"]}}],"collection":[{"href":"https:\/\/www.lavirgendelcamino.info\/wordpress\/wp-json\/wp\/v2\/posts"}],"about":[{"href":"https:\/\/www.lavirgendelcamino.info\/wordpress\/wp-json\/wp\/v2\/types\/post"}],"author":[{"embeddable":true,"href":"https:\/\/www.lavirgendelcamino.info\/wordpress\/wp-json\/wp\/v2\/users\/1"}],"replies":[{"embeddable":true,"href":"https:\/\/www.lavirgendelcamino.info\/wordpress\/wp-json\/wp\/v2\/comments?post=4781"}],"version-history":[{"count":0,"href":"https:\/\/www.lavirgendelcamino.info\/wordpress\/wp-json\/wp\/v2\/posts\/4781\/revisions"}],"wp:attachment":[{"href":"https:\/\/www.lavirgendelcamino.info\/wordpress\/wp-json\/wp\/v2\/media?parent=4781"}],"wp:term":[{"taxonomy":"category","embeddable":true,"href":"https:\/\/www.lavirgendelcamino.info\/wordpress\/wp-json\/wp\/v2\/categories?post=4781"},{"taxonomy":"post_tag","embeddable":true,"href":"https:\/\/www.lavirgendelcamino.info\/wordpress\/wp-json\/wp\/v2\/tags?post=4781"}],"curies":[{"name":"wp","href":"https:\/\/api.w.org\/{rel}","templated":true}]}}