{"id":4825,"date":"2015-02-10T13:00:54","date_gmt":"2015-02-10T12:00:54","guid":{"rendered":"http:\/\/www.lavirgendelcamino.info\/wordpress\/?p=4825"},"modified":"2015-02-16T20:53:39","modified_gmt":"2015-02-16T19:53:39","slug":"la-virgen-del-camino-realizara-el-viernes-8-de-febrero-el-dia-del-bocadillo-solidario","status":"publish","type":"post","link":"https:\/\/www.lavirgendelcamino.info\/wordpress\/la-virgen-del-camino-realizara-el-viernes-8-de-febrero-el-dia-del-bocadillo-solidario\/","title":{"rendered":"La Virgen realizar\u00e1 este Viernes el D\u00eda del Bocadillo Solidario"},"content":{"rendered":"<p style=\"text-align: justify;\">El <strong>Viernes 13 de Febrero<\/strong> se organizar\u00e1 en el Sal\u00f3n del Pueblo de La Virgen del Camino el tradicional <strong>D\u00cdA DEL BOCADILLO <\/strong>organizado por la Parroquia de La Virgen del Camino.<\/p>\n<p style=\"text-align: justify;\">Desde las 11:00 horas se recoger\u00e1n <em>TORTILLAS <\/em>y dem\u00e1s <em>VIANDAS<\/em> que los vecinos de Valverde de la Virgen\u00a0podr\u00e1n\u00a0donar y que luego se destinar\u00e1n a la preparaci\u00f3n de los bocatas.<\/p>\n<p style=\"text-align: justify;\">A partir de las 12:00 horas se vender\u00e1n dichos bocadillos, junto con un refresco-bebida al m\u00f3dico precio de <strong>3 \u20ac<\/strong>.<\/p>\n","protected":false},"excerpt":{"rendered":"<p>El Viernes 13 de Febrero se organizar\u00e1 en el Sal\u00f3n del Pueblo de La Virgen del Camino el tradicional D\u00cdA DEL BOCADILLO organizado por la Parroquia de La Virgen del Camino. Desde las 11:00 horas se recoger\u00e1n TORTILLAS y dem\u00e1s VIANDAS que los vecinos de Valverde de la Virgen\u00a0podr\u00e1n\u00a0donar y que luego se destinar\u00e1n a [&hellip;]<\/p>\n","protected":false},"author":1,"featured_media":7303,"comment_status":"closed","ping_status":"closed","sticky":false,"template":"","format":"standard","meta":{"footnotes":""},"categories":[1],"tags":[1281,193,190,191,194,812,192],"class_list":["post-4825","post","type-post","status-publish","format-standard","has-post-thumbnail","hentry","category-noticias","tag-bocadillo","tag-bocata","tag-dia-bocadillo","tag-manos-unidas","tag-salon-del-pueblo","tag-solidario","tag-tortillas"],"yoast_head":"<!-- This site is optimized with the Yoast SEO plugin v26.9 - https:\/\/yoast.com\/product\/yoast-seo-wordpress\/ -->\n<title>La Virgen realizar\u00e1 este Viernes el D\u00eda del Bocadillo Solidario - La Virgen del Camino (Le\u00f3n)<\/title>\n<meta name=\"robots\" content=\"index, follow, max-snippet:-1, max-image-preview:large, max-video-preview:-1\" \/>\n<link rel=\"canonical\" href=\"https:\/\/www.lavirgendelcamino.info\/wordpress\/la-virgen-del-camino-realizara-el-viernes-8-de-febrero-el-dia-del-bocadillo-solidario\/\" \/>\n<meta property=\"og:locale\" content=\"es_ES\" \/>\n<meta property=\"og:type\" content=\"article\" \/>\n<meta property=\"og:title\" content=\"La Virgen realizar\u00e1 este Viernes el D\u00eda del Bocadillo Solidario - La Virgen del Camino (Le\u00f3n)\" \/>\n<meta property=\"og:url\" content=\"https:\/\/www.lavirgendelcamino.info\/wordpress\/la-virgen-del-camino-realizara-el-viernes-8-de-febrero-el-dia-del-bocadillo-solidario\/\" \/>\n<meta property=\"og:site_name\" content=\"La Virgen del Camino (Le\u00f3n)\" \/>\n<meta property=\"article:publisher\" content=\"http:\/\/www.facebook.com\/ayuntamientovalverdedelavirgen\" \/>\n<meta property=\"article:author\" content=\"http:\/\/www.facebook.com\/victoralvarez7\" \/>\n<meta property=\"article:published_time\" content=\"2015-02-10T12:00:54+00:00\" \/>\n<meta property=\"article:modified_time\" content=\"2015-02-16T19:53:39+00:00\" \/>\n<meta property=\"og:image\" content=\"https:\/\/www.lavirgendelcamino.info\/wordpress\/wp-content\/uploads\/2014\/02\/bocata-solidario-e1455140468791.jpg\" \/>\n\t<meta property=\"og:image:width\" content=\"520\" \/>\n\t<meta property=\"og:image:height\" content=\"350\" \/>\n\t<meta property=\"og:image:type\" content=\"image\/jpeg\" \/>\n<meta name=\"author\" content=\"V\u00edctor\" \/>\n<meta name=\"twitter:card\" content=\"summary_large_image\" \/>\n<meta name=\"twitter:creator\" content=\"@valverdevirgen\" \/>\n<meta name=\"twitter:site\" content=\"@valverdevirgen\" \/>\n<meta name=\"twitter:label1\" content=\"Escrito por\" \/>\n\t<meta name=\"twitter:data1\" content=\"V\u00edctor\" \/>\n<script type=\"application\/ld+json\" class=\"yoast-schema-graph\">{\"@context\":\"https:\/\/schema.org\",\"@graph\":[{\"@type\":\"Article\",\"@id\":\"https:\/\/www.lavirgendelcamino.info\/wordpress\/la-virgen-del-camino-realizara-el-viernes-8-de-febrero-el-dia-del-bocadillo-solidario\/#article\",\"isPartOf\":{\"@id\":\"https:\/\/www.lavirgendelcamino.info\/wordpress\/la-virgen-del-camino-realizara-el-viernes-8-de-febrero-el-dia-del-bocadillo-solidario\/\"},\"author\":{\"name\":\"V\u00edctor\",\"@id\":\"https:\/\/www.lavirgendelcamino.info\/wordpress\/#\/schema\/person\/1cd7bc190e45908cbf77185016bd56e6\"},\"headline\":\"La Virgen realizar\u00e1 este Viernes el D\u00eda del Bocadillo Solidario\",\"datePublished\":\"2015-02-10T12:00:54+00:00\",\"dateModified\":\"2015-02-16T19:53:39+00:00\",\"mainEntityOfPage\":{\"@id\":\"https:\/\/www.lavirgendelcamino.info\/wordpress\/la-virgen-del-camino-realizara-el-viernes-8-de-febrero-el-dia-del-bocadillo-solidario\/\"},\"wordCount\":97,\"publisher\":{\"@id\":\"https:\/\/www.lavirgendelcamino.info\/wordpress\/#organization\"},\"image\":{\"@id\":\"https:\/\/www.lavirgendelcamino.info\/wordpress\/la-virgen-del-camino-realizara-el-viernes-8-de-febrero-el-dia-del-bocadillo-solidario\/#primaryimage\"},\"thumbnailUrl\":\"https:\/\/www.lavirgendelcamino.info\/wordpress\/wp-content\/uploads\/2014\/02\/bocata-solidario-e1455140468791.jpg\",\"keywords\":[\"Bocadillo\",\"Bocata\",\"D\u00eda Bocadillo\",\"Manos Unidas\",\"Sal\u00f3n del Pueblo\",\"Solidario\",\"Tortillas\"],\"articleSection\":[\"Noticias\"],\"inLanguage\":\"es\"},{\"@type\":\"WebPage\",\"@id\":\"https:\/\/www.lavirgendelcamino.info\/wordpress\/la-virgen-del-camino-realizara-el-viernes-8-de-febrero-el-dia-del-bocadillo-solidario\/\",\"url\":\"https:\/\/www.lavirgendelcamino.info\/wordpress\/la-virgen-del-camino-realizara-el-viernes-8-de-febrero-el-dia-del-bocadillo-solidario\/\",\"name\":\"La Virgen realizar\u00e1 este Viernes el D\u00eda del Bocadillo Solidario - La Virgen del Camino (Le\u00f3n)\",\"isPartOf\":{\"@id\":\"https:\/\/www.lavirgendelcamino.info\/wordpress\/#website\"},\"primaryImageOfPage\":{\"@id\":\"https:\/\/www.lavirgendelcamino.info\/wordpress\/la-virgen-del-camino-realizara-el-viernes-8-de-febrero-el-dia-del-bocadillo-solidario\/#primaryimage\"},\"image\":{\"@id\":\"https:\/\/www.lavirgendelcamino.info\/wordpress\/la-virgen-del-camino-realizara-el-viernes-8-de-febrero-el-dia-del-bocadillo-solidario\/#primaryimage\"},\"thumbnailUrl\":\"https:\/\/www.lavirgendelcamino.info\/wordpress\/wp-content\/uploads\/2014\/02\/bocata-solidario-e1455140468791.jpg\",\"datePublished\":\"2015-02-10T12:00:54+00:00\",\"dateModified\":\"2015-02-16T19:53:39+00:00\",\"breadcrumb\":{\"@id\":\"https:\/\/www.lavirgendelcamino.info\/wordpress\/la-virgen-del-camino-realizara-el-viernes-8-de-febrero-el-dia-del-bocadillo-solidario\/#breadcrumb\"},\"inLanguage\":\"es\",\"potentialAction\":[{\"@type\":\"ReadAction\",\"target\":[\"https:\/\/www.lavirgendelcamino.info\/wordpress\/la-virgen-del-camino-realizara-el-viernes-8-de-febrero-el-dia-del-bocadillo-solidario\/\"]}]},{\"@type\":\"ImageObject\",\"inLanguage\":\"es\",\"@id\":\"https:\/\/www.lavirgendelcamino.info\/wordpress\/la-virgen-del-camino-realizara-el-viernes-8-de-febrero-el-dia-del-bocadillo-solidario\/#primaryimage\",\"url\":\"https:\/\/www.lavirgendelcamino.info\/wordpress\/wp-content\/uploads\/2014\/02\/bocata-solidario-e1455140468791.jpg\",\"contentUrl\":\"https:\/\/www.lavirgendelcamino.info\/wordpress\/wp-content\/uploads\/2014\/02\/bocata-solidario-e1455140468791.jpg\",\"width\":520,\"height\":350,\"caption\":\"Bocadillo Solidario\"},{\"@type\":\"BreadcrumbList\",\"@id\":\"https:\/\/www.lavirgendelcamino.info\/wordpress\/la-virgen-del-camino-realizara-el-viernes-8-de-febrero-el-dia-del-bocadillo-solidario\/#breadcrumb\",\"itemListElement\":[{\"@type\":\"ListItem\",\"position\":1,\"name\":\"Portada\",\"item\":\"https:\/\/www.lavirgendelcamino.info\/wordpress\/\"},{\"@type\":\"ListItem\",\"position\":2,\"name\":\"La Virgen realizar\u00e1 este Viernes el D\u00eda del Bocadillo Solidario\"}]},{\"@type\":\"WebSite\",\"@id\":\"https:\/\/www.lavirgendelcamino.info\/wordpress\/#website\",\"url\":\"https:\/\/www.lavirgendelcamino.info\/wordpress\/\",\"name\":\"La Virgen del Camino (Le\u00f3n)\",\"description\":\"Sitio Web Oficial\",\"publisher\":{\"@id\":\"https:\/\/www.lavirgendelcamino.info\/wordpress\/#organization\"},\"potentialAction\":[{\"@type\":\"SearchAction\",\"target\":{\"@type\":\"EntryPoint\",\"urlTemplate\":\"https:\/\/www.lavirgendelcamino.info\/wordpress\/?s={search_term_string}\"},\"query-input\":{\"@type\":\"PropertyValueSpecification\",\"valueRequired\":true,\"valueName\":\"search_term_string\"}}],\"inLanguage\":\"es\"},{\"@type\":\"Organization\",\"@id\":\"https:\/\/www.lavirgendelcamino.info\/wordpress\/#organization\",\"name\":\"Ayuntamiento de Valverde de la Virgen\",\"url\":\"https:\/\/www.lavirgendelcamino.info\/wordpress\/\",\"logo\":{\"@type\":\"ImageObject\",\"inLanguage\":\"es\",\"@id\":\"https:\/\/www.lavirgendelcamino.info\/wordpress\/#\/schema\/logo\/image\/\",\"url\":\"https:\/\/www.lavirgendelcamino.info\/wordpress\/wp-content\/uploads\/2015\/07\/aytovalverdevector.png\",\"contentUrl\":\"https:\/\/www.lavirgendelcamino.info\/wordpress\/wp-content\/uploads\/2015\/07\/aytovalverdevector.png\",\"width\":371,\"height\":429,\"caption\":\"Ayuntamiento de Valverde de la Virgen\"},\"image\":{\"@id\":\"https:\/\/www.lavirgendelcamino.info\/wordpress\/#\/schema\/logo\/image\/\"},\"sameAs\":[\"http:\/\/www.facebook.com\/ayuntamientovalverdedelavirgen\",\"https:\/\/x.com\/valverdevirgen\",\"http:\/\/www.instagram.com\/valverdevirgen\/\"]},{\"@type\":\"Person\",\"@id\":\"https:\/\/www.lavirgendelcamino.info\/wordpress\/#\/schema\/person\/1cd7bc190e45908cbf77185016bd56e6\",\"name\":\"V\u00edctor\",\"image\":{\"@type\":\"ImageObject\",\"inLanguage\":\"es\",\"@id\":\"https:\/\/www.lavirgendelcamino.info\/wordpress\/#\/schema\/person\/image\/\",\"url\":\"https:\/\/www.lavirgendelcamino.info\/wordpress\/wp-content\/uploads\/2023\/11\/346858673_790228009105456_5108495650941352509_n-150x150.jpg\",\"contentUrl\":\"https:\/\/www.lavirgendelcamino.info\/wordpress\/wp-content\/uploads\/2023\/11\/346858673_790228009105456_5108495650941352509_n-150x150.jpg\",\"caption\":\"V\u00edctor\"},\"sameAs\":[\"http:\/\/www.lavirgendelcamino.info\",\"http:\/\/www.facebook.com\/victoralvarez7\",\"http:\/\/instagram.com\/victoralfer\/\",\"https:\/\/x.com\/@valverdevirgen\",\"http:\/\/www.youtube.com\/user\/victoralfer\"],\"url\":\"https:\/\/www.lavirgendelcamino.info\/wordpress\/author\/victoralfer\/\"}]}<\/script>\n<!-- \/ Yoast SEO plugin. -->","yoast_head_json":{"title":"La Virgen realizar\u00e1 este Viernes el D\u00eda del Bocadillo Solidario - La Virgen del Camino (Le\u00f3n)","robots":{"index":"index","follow":"follow","max-snippet":"max-snippet:-1","max-image-preview":"max-image-preview:large","max-video-preview":"max-video-preview:-1"},"canonical":"https:\/\/www.lavirgendelcamino.info\/wordpress\/la-virgen-del-camino-realizara-el-viernes-8-de-febrero-el-dia-del-bocadillo-solidario\/","og_locale":"es_ES","og_type":"article","og_title":"La Virgen realizar\u00e1 este Viernes el D\u00eda del Bocadillo Solidario - La Virgen del Camino (Le\u00f3n)","og_url":"https:\/\/www.lavirgendelcamino.info\/wordpress\/la-virgen-del-camino-realizara-el-viernes-8-de-febrero-el-dia-del-bocadillo-solidario\/","og_site_name":"La Virgen del Camino (Le\u00f3n)","article_publisher":"http:\/\/www.facebook.com\/ayuntamientovalverdedelavirgen","article_author":"http:\/\/www.facebook.com\/victoralvarez7","article_published_time":"2015-02-10T12:00:54+00:00","article_modified_time":"2015-02-16T19:53:39+00:00","og_image":[{"width":520,"height":350,"url":"https:\/\/www.lavirgendelcamino.info\/wordpress\/wp-content\/uploads\/2014\/02\/bocata-solidario-e1455140468791.jpg","type":"image\/jpeg"}],"author":"V\u00edctor","twitter_card":"summary_large_image","twitter_creator":"@valverdevirgen","twitter_site":"@valverdevirgen","twitter_misc":{"Escrito por":"V\u00edctor"},"schema":{"@context":"https:\/\/schema.org","@graph":[{"@type":"Article","@id":"https:\/\/www.lavirgendelcamino.info\/wordpress\/la-virgen-del-camino-realizara-el-viernes-8-de-febrero-el-dia-del-bocadillo-solidario\/#article","isPartOf":{"@id":"https:\/\/www.lavirgendelcamino.info\/wordpress\/la-virgen-del-camino-realizara-el-viernes-8-de-febrero-el-dia-del-bocadillo-solidario\/"},"author":{"name":"V\u00edctor","@id":"https:\/\/www.lavirgendelcamino.info\/wordpress\/#\/schema\/person\/1cd7bc190e45908cbf77185016bd56e6"},"headline":"La Virgen realizar\u00e1 este Viernes el D\u00eda del Bocadillo Solidario","datePublished":"2015-02-10T12:00:54+00:00","dateModified":"2015-02-16T19:53:39+00:00","mainEntityOfPage":{"@id":"https:\/\/www.lavirgendelcamino.info\/wordpress\/la-virgen-del-camino-realizara-el-viernes-8-de-febrero-el-dia-del-bocadillo-solidario\/"},"wordCount":97,"publisher":{"@id":"https:\/\/www.lavirgendelcamino.info\/wordpress\/#organization"},"image":{"@id":"https:\/\/www.lavirgendelcamino.info\/wordpress\/la-virgen-del-camino-realizara-el-viernes-8-de-febrero-el-dia-del-bocadillo-solidario\/#primaryimage"},"thumbnailUrl":"https:\/\/www.lavirgendelcamino.info\/wordpress\/wp-content\/uploads\/2014\/02\/bocata-solidario-e1455140468791.jpg","keywords":["Bocadillo","Bocata","D\u00eda Bocadillo","Manos Unidas","Sal\u00f3n del Pueblo","Solidario","Tortillas"],"articleSection":["Noticias"],"inLanguage":"es"},{"@type":"WebPage","@id":"https:\/\/www.lavirgendelcamino.info\/wordpress\/la-virgen-del-camino-realizara-el-viernes-8-de-febrero-el-dia-del-bocadillo-solidario\/","url":"https:\/\/www.lavirgendelcamino.info\/wordpress\/la-virgen-del-camino-realizara-el-viernes-8-de-febrero-el-dia-del-bocadillo-solidario\/","name":"La Virgen realizar\u00e1 este Viernes el D\u00eda del Bocadillo Solidario - La Virgen del Camino (Le\u00f3n)","isPartOf":{"@id":"https:\/\/www.lavirgendelcamino.info\/wordpress\/#website"},"primaryImageOfPage":{"@id":"https:\/\/www.lavirgendelcamino.info\/wordpress\/la-virgen-del-camino-realizara-el-viernes-8-de-febrero-el-dia-del-bocadillo-solidario\/#primaryimage"},"image":{"@id":"https:\/\/www.lavirgendelcamino.info\/wordpress\/la-virgen-del-camino-realizara-el-viernes-8-de-febrero-el-dia-del-bocadillo-solidario\/#primaryimage"},"thumbnailUrl":"https:\/\/www.lavirgendelcamino.info\/wordpress\/wp-content\/uploads\/2014\/02\/bocata-solidario-e1455140468791.jpg","datePublished":"2015-02-10T12:00:54+00:00","dateModified":"2015-02-16T19:53:39+00:00","breadcrumb":{"@id":"https:\/\/www.lavirgendelcamino.info\/wordpress\/la-virgen-del-camino-realizara-el-viernes-8-de-febrero-el-dia-del-bocadillo-solidario\/#breadcrumb"},"inLanguage":"es","potentialAction":[{"@type":"ReadAction","target":["https:\/\/www.lavirgendelcamino.info\/wordpress\/la-virgen-del-camino-realizara-el-viernes-8-de-febrero-el-dia-del-bocadillo-solidario\/"]}]},{"@type":"ImageObject","inLanguage":"es","@id":"https:\/\/www.lavirgendelcamino.info\/wordpress\/la-virgen-del-camino-realizara-el-viernes-8-de-febrero-el-dia-del-bocadillo-solidario\/#primaryimage","url":"https:\/\/www.lavirgendelcamino.info\/wordpress\/wp-content\/uploads\/2014\/02\/bocata-solidario-e1455140468791.jpg","contentUrl":"https:\/\/www.lavirgendelcamino.info\/wordpress\/wp-content\/uploads\/2014\/02\/bocata-solidario-e1455140468791.jpg","width":520,"height":350,"caption":"Bocadillo Solidario"},{"@type":"BreadcrumbList","@id":"https:\/\/www.lavirgendelcamino.info\/wordpress\/la-virgen-del-camino-realizara-el-viernes-8-de-febrero-el-dia-del-bocadillo-solidario\/#breadcrumb","itemListElement":[{"@type":"ListItem","position":1,"name":"Portada","item":"https:\/\/www.lavirgendelcamino.info\/wordpress\/"},{"@type":"ListItem","position":2,"name":"La Virgen realizar\u00e1 este Viernes el D\u00eda del Bocadillo Solidario"}]},{"@type":"WebSite","@id":"https:\/\/www.lavirgendelcamino.info\/wordpress\/#website","url":"https:\/\/www.lavirgendelcamino.info\/wordpress\/","name":"La Virgen del Camino (Le\u00f3n)","description":"Sitio Web Oficial","publisher":{"@id":"https:\/\/www.lavirgendelcamino.info\/wordpress\/#organization"},"potentialAction":[{"@type":"SearchAction","target":{"@type":"EntryPoint","urlTemplate":"https:\/\/www.lavirgendelcamino.info\/wordpress\/?s={search_term_string}"},"query-input":{"@type":"PropertyValueSpecification","valueRequired":true,"valueName":"search_term_string"}}],"inLanguage":"es"},{"@type":"Organization","@id":"https:\/\/www.lavirgendelcamino.info\/wordpress\/#organization","name":"Ayuntamiento de Valverde de la Virgen","url":"https:\/\/www.lavirgendelcamino.info\/wordpress\/","logo":{"@type":"ImageObject","inLanguage":"es","@id":"https:\/\/www.lavirgendelcamino.info\/wordpress\/#\/schema\/logo\/image\/","url":"https:\/\/www.lavirgendelcamino.info\/wordpress\/wp-content\/uploads\/2015\/07\/aytovalverdevector.png","contentUrl":"https:\/\/www.lavirgendelcamino.info\/wordpress\/wp-content\/uploads\/2015\/07\/aytovalverdevector.png","width":371,"height":429,"caption":"Ayuntamiento de Valverde de la Virgen"},"image":{"@id":"https:\/\/www.lavirgendelcamino.info\/wordpress\/#\/schema\/logo\/image\/"},"sameAs":["http:\/\/www.facebook.com\/ayuntamientovalverdedelavirgen","https:\/\/x.com\/valverdevirgen","http:\/\/www.instagram.com\/valverdevirgen\/"]},{"@type":"Person","@id":"https:\/\/www.lavirgendelcamino.info\/wordpress\/#\/schema\/person\/1cd7bc190e45908cbf77185016bd56e6","name":"V\u00edctor","image":{"@type":"ImageObject","inLanguage":"es","@id":"https:\/\/www.lavirgendelcamino.info\/wordpress\/#\/schema\/person\/image\/","url":"https:\/\/www.lavirgendelcamino.info\/wordpress\/wp-content\/uploads\/2023\/11\/346858673_790228009105456_5108495650941352509_n-150x150.jpg","contentUrl":"https:\/\/www.lavirgendelcamino.info\/wordpress\/wp-content\/uploads\/2023\/11\/346858673_790228009105456_5108495650941352509_n-150x150.jpg","caption":"V\u00edctor"},"sameAs":["http:\/\/www.lavirgendelcamino.info","http:\/\/www.facebook.com\/victoralvarez7","http:\/\/instagram.com\/victoralfer\/","https:\/\/x.com\/@valverdevirgen","http:\/\/www.youtube.com\/user\/victoralfer"],"url":"https:\/\/www.lavirgendelcamino.info\/wordpress\/author\/victoralfer\/"}]}},"_links":{"self":[{"href":"https:\/\/www.lavirgendelcamino.info\/wordpress\/wp-json\/wp\/v2\/posts\/4825","targetHints":{"allow":["GET"]}}],"collection":[{"href":"https:\/\/www.lavirgendelcamino.info\/wordpress\/wp-json\/wp\/v2\/posts"}],"about":[{"href":"https:\/\/www.lavirgendelcamino.info\/wordpress\/wp-json\/wp\/v2\/types\/post"}],"author":[{"embeddable":true,"href":"https:\/\/www.lavirgendelcamino.info\/wordpress\/wp-json\/wp\/v2\/users\/1"}],"replies":[{"embeddable":true,"href":"https:\/\/www.lavirgendelcamino.info\/wordpress\/wp-json\/wp\/v2\/comments?post=4825"}],"version-history":[{"count":0,"href":"https:\/\/www.lavirgendelcamino.info\/wordpress\/wp-json\/wp\/v2\/posts\/4825\/revisions"}],"wp:featuredmedia":[{"embeddable":true,"href":"https:\/\/www.lavirgendelcamino.info\/wordpress\/wp-json\/wp\/v2\/media\/7303"}],"wp:attachment":[{"href":"https:\/\/www.lavirgendelcamino.info\/wordpress\/wp-json\/wp\/v2\/media?parent=4825"}],"wp:term":[{"taxonomy":"category","embeddable":true,"href":"https:\/\/www.lavirgendelcamino.info\/wordpress\/wp-json\/wp\/v2\/categories?post=4825"},{"taxonomy":"post_tag","embeddable":true,"href":"https:\/\/www.lavirgendelcamino.info\/wordpress\/wp-json\/wp\/v2\/tags?post=4825"}],"curies":[{"name":"wp","href":"https:\/\/api.w.org\/{rel}","templated":true}]}}