{"id":57970,"date":"2018-02-01T20:30:42","date_gmt":"2018-02-01T19:30:42","guid":{"rendered":"http:\/\/www.lavirgendelcamino.info\/wordpress\/?p=57970"},"modified":"2018-02-03T16:03:18","modified_gmt":"2018-02-03T15:03:18","slug":"recomendaciones-ante-el-temporal-de-hielo-y-nieve","status":"publish","type":"post","link":"https:\/\/www.lavirgendelcamino.info\/wordpress\/recomendaciones-ante-el-temporal-de-hielo-y-nieve\/","title":{"rendered":"Recomendaciones ante el temporal de nieve en Valverde de la Virgen"},"content":{"rendered":"<p style=\"text-align: justify;\">La Agrupaci\u00f3n de Voluntarios de Protecci\u00f3n Civil de Valverde de la Virgen recomienda no realizar salidas innecesarias ante los d\u00edas de hielo y nieve que se aproximan.\u00a0Desde <strong>Protecci\u00f3n Civil Valverde de la Virgen<\/strong>\u00a0queremos poner a disposici\u00f3n de todos los vecinos el n\u00famero de tel\u00e9fono <strong>652 69 35 02<\/strong> para atender cualquier incidente, as\u00ed como para informar sobre el parte metereol\u00f3gico previsto para los pr\u00f3ximos d\u00edas.<\/p>\n<p style=\"text-align: justify;\"><span style=\"text-decoration: underline;\">RECOMENDACIONES<\/span>:<\/p>\n<p style=\"text-align: justify;\">&#8211; Salir con calzado adecuado.<span class=\"text_exposed_show\"><br \/>\n&#8211; No fiarse de la escasa capa de nieve, es la que m\u00e1s resbala.<br \/>\n&#8211; Alejarse de las cornisas y balcones, puede desprenderse nieve o hielo con el sol.<br \/>\n&#8211; Cuidado con las aceras donde no suele dar el sol, pueden estar heladas.<br \/>\n&#8211; Atenci\u00f3n al agua de los canalones en lugares de sombra, tambi\u00e9n puede resbalar.<\/span><\/p>\n<div class=\"text_exposed_show\">\n<p style=\"text-align: justify;\"><span style=\"text-decoration: underline;\">M\u00c1S RECOMENDACIONES<\/span>:<\/p>\n<p style=\"text-align: justify;\">&#8211; Prestar atenci\u00f3n a las emisoras de radio y TV para obtener informaci\u00f3n del Instituto Meteorol\u00f3gico o de Protecci\u00f3n Civil.<\/p>\n<p style=\"text-align: justify;\">&#8211; Si va a salir al exterior lleve varias prendas ligeras y c\u00e1lidas superpuestas, antes que una sola prenda de tejido grueso. Evite las prendas ajustadas. Permita que el aire circule y act\u00fae como aislante. Prot\u00e9jase rostro, cabeza y manos.<\/p>\n<p style=\"text-align: justify;\">&#8211; No es conveniente que las personas de avanzada edad y los ni\u00f1os salgan a la calle.<\/p>\n<p style=\"text-align: justify;\">&#8211; En caso de ventisca: combinaci\u00f3n de aire fr\u00edo, nevadas y fuertes vientos que reducen la visibilidad, es preferible evitar las salidas o desplazamientos.<\/p>\n<p style=\"text-align: justify;\">&#8211; No realice ejercicios f\u00edsicos excesivos puesto que el fr\u00edo no es bueno para el coraz\u00f3n.<\/p>\n<p style=\"text-align: justify;\">&#8211; Ante heladas intensas, mantenga un grifo ligeramente abierto a fin de evitar la rotura de tuber\u00eda por congelaci\u00f3n del agua.<\/p>\n<p style=\"text-align: justify;\"><span style=\"text-decoration: underline;\">RECOMENDACIONES AUTOMOVILES<\/span>:<\/p>\n<p style=\"text-align: justify;\">&#8211; Si no le queda mas remedio que viajar, no lo haga solo. Lleve en el coche radio, cadenas, pala, cuerda, una linterna, ropa de abrigo, una manta y alimentos ricos en calor\u00edas.<\/p>\n<p style=\"text-align: justify;\">&#8211; Lleve el dep\u00f3sito de combustible lleno.<\/p>\n<p style=\"text-align: justify;\">&#8211; Inf\u00f3rmese a trav\u00e9s del Instituto de Meteorolog\u00eda, Protecci\u00f3n Civil o Tr\u00e1fico de las inclemencias y del estado de las carreteras.<\/p>\n<p style=\"text-align: justify;\">&#8211; Evite conducir de noche. Los peligros son mas dif\u00edciles de detectar.<\/p>\n<p style=\"text-align: justify;\">&#8211; Antes de salir revise frenos, neum\u00e1ticos y sistemas de alumbrado. Reponga l\u00edquido anticongelante.<\/p>\n<p style=\"text-align: justify;\">&#8211; Si el temporal nos sorprende dentro del coche y lejos de un pueblo o lugar de refugio, deber\u00e1 permanecer dentro de \u00e9l. El coche nos resguardar\u00e1 de la ventisca y los neum\u00e1ticos nos aislar\u00e1n de los rayos. Si mantiene el coche en marcha con la calefacci\u00f3n puesta, abra un poco una ventanilla para que circule el aire y evitar posibles intoxicaciones. No se duerma con el motor en marcha.<\/p>\n<p style=\"text-align: justify;\">&#8211; Mantenga libre de nieve y desbloqueado el tubo de escape.<\/p>\n<p style=\"text-align: justify;\">&#8211; Ponga las cadenas al coche en presencia de hielo o nieve dura<\/p>\n<p style=\"text-align: justify;\">&#8211; Conduzca despacio, con suavidad y a una marcha reducida, sin hacer cambios bruscos de direcci\u00f3n.<\/p>\n<p style=\"text-align: justify;\">&#8211; Si entra en una zona de hielo no pise el freno. Deje que el veh\u00edculo cruce por su propia inercia.<\/p>\n<\/div>\n","protected":false},"excerpt":{"rendered":"<p>La Agrupaci\u00f3n de Voluntarios de Protecci\u00f3n Civil de Valverde de la Virgen recomienda no realizar salidas innecesarias ante los d\u00edas de hielo y nieve que se aproximan.\u00a0Desde Protecci\u00f3n Civil Valverde de la Virgen\u00a0queremos poner a disposici\u00f3n de todos los vecinos el n\u00famero de tel\u00e9fono 652 69 35 02 para atender cualquier incidente, as\u00ed como para [&hellip;]<\/p>\n","protected":false},"author":1,"featured_media":57971,"comment_status":"closed","ping_status":"closed","sticky":false,"template":"","format":"standard","meta":{"footnotes":""},"categories":[1681,1359],"tags":[250,1272,172,164,163,1271],"class_list":["post-57970","post","type-post","status-publish","format-standard","has-post-thumbnail","hentry","category-ayuntamiento-informa","category-tepudointeresar","tag-hielo","tag-invierno","tag-nieve","tag-proteccion-civil","tag-recomendaciones","tag-temporal"],"yoast_head":"<!-- This site is optimized with the Yoast SEO plugin v26.9 - https:\/\/yoast.com\/product\/yoast-seo-wordpress\/ -->\n<title>Recomendaciones ante el temporal de nieve en Valverde de la Virgen<\/title>\n<meta name=\"description\" content=\"Desde Protecci\u00f3n Civil Valverde de la Virgen\u00a0ponen a disposici\u00f3n de todos los vecinos el n\u00famero de tel\u00e9fono 652 69 35 02 para atender cualquier incidente.\" \/>\n<meta name=\"robots\" content=\"index, nofollow, max-snippet:-1, max-image-preview:large, max-video-preview:-1\" \/>\n<link rel=\"canonical\" href=\"https:\/\/www.lavirgendelcamino.info\/wordpress\/recomendaciones-ante-el-temporal-de-hielo-y-nieve\/\" \/>\n<meta property=\"og:locale\" content=\"es_ES\" \/>\n<meta property=\"og:type\" content=\"article\" \/>\n<meta property=\"og:title\" content=\"Recomendaciones ante el temporal de nieve en Valverde de la Virgen\" \/>\n<meta property=\"og:description\" content=\"Desde Protecci\u00f3n Civil Valverde de la Virgen ponen a disposici\u00f3n de todos los vecinos el n\u00famero de tel\u00e9fono 652 69 35 02 para atender cualquier incidente.\" \/>\n<meta property=\"og:url\" content=\"https:\/\/www.lavirgendelcamino.info\/wordpress\/recomendaciones-ante-el-temporal-de-hielo-y-nieve\/\" \/>\n<meta property=\"og:site_name\" content=\"La Virgen del Camino (Le\u00f3n)\" \/>\n<meta property=\"article:publisher\" content=\"http:\/\/www.facebook.com\/ayuntamientovalverdedelavirgen\" \/>\n<meta property=\"article:author\" content=\"http:\/\/www.facebook.com\/victoralvarez7\" \/>\n<meta property=\"article:published_time\" content=\"2018-02-01T19:30:42+00:00\" \/>\n<meta property=\"article:modified_time\" content=\"2018-02-03T15:03:18+00:00\" \/>\n<meta property=\"og:image\" content=\"https:\/\/www.lavirgendelcamino.info\/wordpress\/wp-content\/uploads\/2015\/02\/1546174_978025238891805_1375002519577815030_n.jpg\" \/>\n\t<meta property=\"og:image:width\" content=\"960\" \/>\n\t<meta property=\"og:image:height\" content=\"717\" \/>\n\t<meta property=\"og:image:type\" content=\"image\/jpeg\" \/>\n<meta name=\"author\" content=\"V\u00edctor\" \/>\n<meta name=\"twitter:card\" content=\"summary_large_image\" \/>\n<meta name=\"twitter:title\" content=\"Recomendaciones ante el temporal de nieve en Valverde de la Virgen\" \/>\n<meta name=\"twitter:description\" content=\"Desde Protecci\u00f3n Civil Valverde de la Virgen ponen a disposici\u00f3n de todos los vecinos el n\u00famero de tel\u00e9fono 652 69 35 02 para atender cualquier incidente.\" \/>\n<meta name=\"twitter:image\" content=\"http:\/\/www.lavirgendelcamino.info\/wordpress\/wp-content\/uploads\/2015\/02\/1546174_978025238891805_1375002519577815030_n.jpg\" \/>\n<meta name=\"twitter:creator\" content=\"@valverdevirgen\" \/>\n<meta name=\"twitter:site\" content=\"@valverdevirgen\" \/>\n<meta name=\"twitter:label1\" content=\"Escrito por\" \/>\n\t<meta name=\"twitter:data1\" content=\"V\u00edctor\" \/>\n\t<meta name=\"twitter:label2\" content=\"Tiempo de lectura\" \/>\n\t<meta name=\"twitter:data2\" content=\"3 minutos\" \/>\n<script type=\"application\/ld+json\" class=\"yoast-schema-graph\">{\"@context\":\"https:\/\/schema.org\",\"@graph\":[{\"@type\":\"Article\",\"@id\":\"https:\/\/www.lavirgendelcamino.info\/wordpress\/recomendaciones-ante-el-temporal-de-hielo-y-nieve\/#article\",\"isPartOf\":{\"@id\":\"https:\/\/www.lavirgendelcamino.info\/wordpress\/recomendaciones-ante-el-temporal-de-hielo-y-nieve\/\"},\"author\":{\"name\":\"V\u00edctor\",\"@id\":\"https:\/\/www.lavirgendelcamino.info\/wordpress\/#\/schema\/person\/1cd7bc190e45908cbf77185016bd56e6\"},\"headline\":\"Recomendaciones ante el temporal de nieve en Valverde de la Virgen\",\"datePublished\":\"2018-02-01T19:30:42+00:00\",\"dateModified\":\"2018-02-03T15:03:18+00:00\",\"mainEntityOfPage\":{\"@id\":\"https:\/\/www.lavirgendelcamino.info\/wordpress\/recomendaciones-ante-el-temporal-de-hielo-y-nieve\/\"},\"wordCount\":541,\"publisher\":{\"@id\":\"https:\/\/www.lavirgendelcamino.info\/wordpress\/#organization\"},\"image\":{\"@id\":\"https:\/\/www.lavirgendelcamino.info\/wordpress\/recomendaciones-ante-el-temporal-de-hielo-y-nieve\/#primaryimage\"},\"thumbnailUrl\":\"https:\/\/www.lavirgendelcamino.info\/wordpress\/wp-content\/uploads\/2015\/02\/1546174_978025238891805_1375002519577815030_n.jpg\",\"keywords\":[\"Hielo\",\"Invierno\",\"Nieve\",\"Protecci\u00f3n Civil\",\"Recomendaciones\",\"Temporal\"],\"articleSection\":[\"Ayuntamiento Informa\",\"Te pudo Interesar\"],\"inLanguage\":\"es\"},{\"@type\":\"WebPage\",\"@id\":\"https:\/\/www.lavirgendelcamino.info\/wordpress\/recomendaciones-ante-el-temporal-de-hielo-y-nieve\/\",\"url\":\"https:\/\/www.lavirgendelcamino.info\/wordpress\/recomendaciones-ante-el-temporal-de-hielo-y-nieve\/\",\"name\":\"Recomendaciones ante el temporal de nieve en Valverde de la Virgen\",\"isPartOf\":{\"@id\":\"https:\/\/www.lavirgendelcamino.info\/wordpress\/#website\"},\"primaryImageOfPage\":{\"@id\":\"https:\/\/www.lavirgendelcamino.info\/wordpress\/recomendaciones-ante-el-temporal-de-hielo-y-nieve\/#primaryimage\"},\"image\":{\"@id\":\"https:\/\/www.lavirgendelcamino.info\/wordpress\/recomendaciones-ante-el-temporal-de-hielo-y-nieve\/#primaryimage\"},\"thumbnailUrl\":\"https:\/\/www.lavirgendelcamino.info\/wordpress\/wp-content\/uploads\/2015\/02\/1546174_978025238891805_1375002519577815030_n.jpg\",\"datePublished\":\"2018-02-01T19:30:42+00:00\",\"dateModified\":\"2018-02-03T15:03:18+00:00\",\"description\":\"Desde Protecci\u00f3n Civil Valverde de la Virgen\u00a0ponen a disposici\u00f3n de todos los vecinos el n\u00famero de tel\u00e9fono 652 69 35 02 para atender cualquier incidente.\",\"breadcrumb\":{\"@id\":\"https:\/\/www.lavirgendelcamino.info\/wordpress\/recomendaciones-ante-el-temporal-de-hielo-y-nieve\/#breadcrumb\"},\"inLanguage\":\"es\",\"potentialAction\":[{\"@type\":\"ReadAction\",\"target\":[\"https:\/\/www.lavirgendelcamino.info\/wordpress\/recomendaciones-ante-el-temporal-de-hielo-y-nieve\/\"]}]},{\"@type\":\"ImageObject\",\"inLanguage\":\"es\",\"@id\":\"https:\/\/www.lavirgendelcamino.info\/wordpress\/recomendaciones-ante-el-temporal-de-hielo-y-nieve\/#primaryimage\",\"url\":\"https:\/\/www.lavirgendelcamino.info\/wordpress\/wp-content\/uploads\/2015\/02\/1546174_978025238891805_1375002519577815030_n.jpg\",\"contentUrl\":\"https:\/\/www.lavirgendelcamino.info\/wordpress\/wp-content\/uploads\/2015\/02\/1546174_978025238891805_1375002519577815030_n.jpg\",\"width\":960,\"height\":717,\"caption\":\"Recomendaciones Nieve\"},{\"@type\":\"BreadcrumbList\",\"@id\":\"https:\/\/www.lavirgendelcamino.info\/wordpress\/recomendaciones-ante-el-temporal-de-hielo-y-nieve\/#breadcrumb\",\"itemListElement\":[{\"@type\":\"ListItem\",\"position\":1,\"name\":\"Portada\",\"item\":\"https:\/\/www.lavirgendelcamino.info\/wordpress\/\"},{\"@type\":\"ListItem\",\"position\":2,\"name\":\"Recomendaciones ante el temporal de nieve en Valverde de la Virgen\"}]},{\"@type\":\"WebSite\",\"@id\":\"https:\/\/www.lavirgendelcamino.info\/wordpress\/#website\",\"url\":\"https:\/\/www.lavirgendelcamino.info\/wordpress\/\",\"name\":\"La Virgen del Camino (Le\u00f3n)\",\"description\":\"Sitio Web Oficial\",\"publisher\":{\"@id\":\"https:\/\/www.lavirgendelcamino.info\/wordpress\/#organization\"},\"potentialAction\":[{\"@type\":\"SearchAction\",\"target\":{\"@type\":\"EntryPoint\",\"urlTemplate\":\"https:\/\/www.lavirgendelcamino.info\/wordpress\/?s={search_term_string}\"},\"query-input\":{\"@type\":\"PropertyValueSpecification\",\"valueRequired\":true,\"valueName\":\"search_term_string\"}}],\"inLanguage\":\"es\"},{\"@type\":\"Organization\",\"@id\":\"https:\/\/www.lavirgendelcamino.info\/wordpress\/#organization\",\"name\":\"Ayuntamiento de Valverde de la Virgen\",\"url\":\"https:\/\/www.lavirgendelcamino.info\/wordpress\/\",\"logo\":{\"@type\":\"ImageObject\",\"inLanguage\":\"es\",\"@id\":\"https:\/\/www.lavirgendelcamino.info\/wordpress\/#\/schema\/logo\/image\/\",\"url\":\"https:\/\/www.lavirgendelcamino.info\/wordpress\/wp-content\/uploads\/2015\/07\/aytovalverdevector.png\",\"contentUrl\":\"https:\/\/www.lavirgendelcamino.info\/wordpress\/wp-content\/uploads\/2015\/07\/aytovalverdevector.png\",\"width\":371,\"height\":429,\"caption\":\"Ayuntamiento de Valverde de la Virgen\"},\"image\":{\"@id\":\"https:\/\/www.lavirgendelcamino.info\/wordpress\/#\/schema\/logo\/image\/\"},\"sameAs\":[\"http:\/\/www.facebook.com\/ayuntamientovalverdedelavirgen\",\"https:\/\/x.com\/valverdevirgen\",\"http:\/\/www.instagram.com\/valverdevirgen\/\"]},{\"@type\":\"Person\",\"@id\":\"https:\/\/www.lavirgendelcamino.info\/wordpress\/#\/schema\/person\/1cd7bc190e45908cbf77185016bd56e6\",\"name\":\"V\u00edctor\",\"image\":{\"@type\":\"ImageObject\",\"inLanguage\":\"es\",\"@id\":\"https:\/\/www.lavirgendelcamino.info\/wordpress\/#\/schema\/person\/image\/\",\"url\":\"https:\/\/www.lavirgendelcamino.info\/wordpress\/wp-content\/uploads\/2023\/11\/346858673_790228009105456_5108495650941352509_n-150x150.jpg\",\"contentUrl\":\"https:\/\/www.lavirgendelcamino.info\/wordpress\/wp-content\/uploads\/2023\/11\/346858673_790228009105456_5108495650941352509_n-150x150.jpg\",\"caption\":\"V\u00edctor\"},\"sameAs\":[\"http:\/\/www.lavirgendelcamino.info\",\"http:\/\/www.facebook.com\/victoralvarez7\",\"http:\/\/instagram.com\/victoralfer\/\",\"https:\/\/x.com\/@valverdevirgen\",\"http:\/\/www.youtube.com\/user\/victoralfer\"],\"url\":\"https:\/\/www.lavirgendelcamino.info\/wordpress\/author\/victoralfer\/\"}]}<\/script>\n<!-- \/ Yoast SEO plugin. -->","yoast_head_json":{"title":"Recomendaciones ante el temporal de nieve en Valverde de la Virgen","description":"Desde Protecci\u00f3n Civil Valverde de la Virgen\u00a0ponen a disposici\u00f3n de todos los vecinos el n\u00famero de tel\u00e9fono 652 69 35 02 para atender cualquier incidente.","robots":{"index":"index","follow":"nofollow","max-snippet":"max-snippet:-1","max-image-preview":"max-image-preview:large","max-video-preview":"max-video-preview:-1"},"canonical":"https:\/\/www.lavirgendelcamino.info\/wordpress\/recomendaciones-ante-el-temporal-de-hielo-y-nieve\/","og_locale":"es_ES","og_type":"article","og_title":"Recomendaciones ante el temporal de nieve en Valverde de la Virgen","og_description":"Desde Protecci\u00f3n Civil Valverde de la Virgen ponen a disposici\u00f3n de todos los vecinos el n\u00famero de tel\u00e9fono 652 69 35 02 para atender cualquier incidente.","og_url":"https:\/\/www.lavirgendelcamino.info\/wordpress\/recomendaciones-ante-el-temporal-de-hielo-y-nieve\/","og_site_name":"La Virgen del Camino (Le\u00f3n)","article_publisher":"http:\/\/www.facebook.com\/ayuntamientovalverdedelavirgen","article_author":"http:\/\/www.facebook.com\/victoralvarez7","article_published_time":"2018-02-01T19:30:42+00:00","article_modified_time":"2018-02-03T15:03:18+00:00","og_image":[{"width":960,"height":717,"url":"https:\/\/www.lavirgendelcamino.info\/wordpress\/wp-content\/uploads\/2015\/02\/1546174_978025238891805_1375002519577815030_n.jpg","type":"image\/jpeg"}],"author":"V\u00edctor","twitter_card":"summary_large_image","twitter_title":"Recomendaciones ante el temporal de nieve en Valverde de la Virgen","twitter_description":"Desde Protecci\u00f3n Civil Valverde de la Virgen ponen a disposici\u00f3n de todos los vecinos el n\u00famero de tel\u00e9fono 652 69 35 02 para atender cualquier incidente.","twitter_image":"http:\/\/www.lavirgendelcamino.info\/wordpress\/wp-content\/uploads\/2015\/02\/1546174_978025238891805_1375002519577815030_n.jpg","twitter_creator":"@valverdevirgen","twitter_site":"@valverdevirgen","twitter_misc":{"Escrito por":"V\u00edctor","Tiempo de lectura":"3 minutos"},"schema":{"@context":"https:\/\/schema.org","@graph":[{"@type":"Article","@id":"https:\/\/www.lavirgendelcamino.info\/wordpress\/recomendaciones-ante-el-temporal-de-hielo-y-nieve\/#article","isPartOf":{"@id":"https:\/\/www.lavirgendelcamino.info\/wordpress\/recomendaciones-ante-el-temporal-de-hielo-y-nieve\/"},"author":{"name":"V\u00edctor","@id":"https:\/\/www.lavirgendelcamino.info\/wordpress\/#\/schema\/person\/1cd7bc190e45908cbf77185016bd56e6"},"headline":"Recomendaciones ante el temporal de nieve en Valverde de la Virgen","datePublished":"2018-02-01T19:30:42+00:00","dateModified":"2018-02-03T15:03:18+00:00","mainEntityOfPage":{"@id":"https:\/\/www.lavirgendelcamino.info\/wordpress\/recomendaciones-ante-el-temporal-de-hielo-y-nieve\/"},"wordCount":541,"publisher":{"@id":"https:\/\/www.lavirgendelcamino.info\/wordpress\/#organization"},"image":{"@id":"https:\/\/www.lavirgendelcamino.info\/wordpress\/recomendaciones-ante-el-temporal-de-hielo-y-nieve\/#primaryimage"},"thumbnailUrl":"https:\/\/www.lavirgendelcamino.info\/wordpress\/wp-content\/uploads\/2015\/02\/1546174_978025238891805_1375002519577815030_n.jpg","keywords":["Hielo","Invierno","Nieve","Protecci\u00f3n Civil","Recomendaciones","Temporal"],"articleSection":["Ayuntamiento Informa","Te pudo Interesar"],"inLanguage":"es"},{"@type":"WebPage","@id":"https:\/\/www.lavirgendelcamino.info\/wordpress\/recomendaciones-ante-el-temporal-de-hielo-y-nieve\/","url":"https:\/\/www.lavirgendelcamino.info\/wordpress\/recomendaciones-ante-el-temporal-de-hielo-y-nieve\/","name":"Recomendaciones ante el temporal de nieve en Valverde de la Virgen","isPartOf":{"@id":"https:\/\/www.lavirgendelcamino.info\/wordpress\/#website"},"primaryImageOfPage":{"@id":"https:\/\/www.lavirgendelcamino.info\/wordpress\/recomendaciones-ante-el-temporal-de-hielo-y-nieve\/#primaryimage"},"image":{"@id":"https:\/\/www.lavirgendelcamino.info\/wordpress\/recomendaciones-ante-el-temporal-de-hielo-y-nieve\/#primaryimage"},"thumbnailUrl":"https:\/\/www.lavirgendelcamino.info\/wordpress\/wp-content\/uploads\/2015\/02\/1546174_978025238891805_1375002519577815030_n.jpg","datePublished":"2018-02-01T19:30:42+00:00","dateModified":"2018-02-03T15:03:18+00:00","description":"Desde Protecci\u00f3n Civil Valverde de la Virgen\u00a0ponen a disposici\u00f3n de todos los vecinos el n\u00famero de tel\u00e9fono 652 69 35 02 para atender cualquier incidente.","breadcrumb":{"@id":"https:\/\/www.lavirgendelcamino.info\/wordpress\/recomendaciones-ante-el-temporal-de-hielo-y-nieve\/#breadcrumb"},"inLanguage":"es","potentialAction":[{"@type":"ReadAction","target":["https:\/\/www.lavirgendelcamino.info\/wordpress\/recomendaciones-ante-el-temporal-de-hielo-y-nieve\/"]}]},{"@type":"ImageObject","inLanguage":"es","@id":"https:\/\/www.lavirgendelcamino.info\/wordpress\/recomendaciones-ante-el-temporal-de-hielo-y-nieve\/#primaryimage","url":"https:\/\/www.lavirgendelcamino.info\/wordpress\/wp-content\/uploads\/2015\/02\/1546174_978025238891805_1375002519577815030_n.jpg","contentUrl":"https:\/\/www.lavirgendelcamino.info\/wordpress\/wp-content\/uploads\/2015\/02\/1546174_978025238891805_1375002519577815030_n.jpg","width":960,"height":717,"caption":"Recomendaciones Nieve"},{"@type":"BreadcrumbList","@id":"https:\/\/www.lavirgendelcamino.info\/wordpress\/recomendaciones-ante-el-temporal-de-hielo-y-nieve\/#breadcrumb","itemListElement":[{"@type":"ListItem","position":1,"name":"Portada","item":"https:\/\/www.lavirgendelcamino.info\/wordpress\/"},{"@type":"ListItem","position":2,"name":"Recomendaciones ante el temporal de nieve en Valverde de la Virgen"}]},{"@type":"WebSite","@id":"https:\/\/www.lavirgendelcamino.info\/wordpress\/#website","url":"https:\/\/www.lavirgendelcamino.info\/wordpress\/","name":"La Virgen del Camino (Le\u00f3n)","description":"Sitio Web Oficial","publisher":{"@id":"https:\/\/www.lavirgendelcamino.info\/wordpress\/#organization"},"potentialAction":[{"@type":"SearchAction","target":{"@type":"EntryPoint","urlTemplate":"https:\/\/www.lavirgendelcamino.info\/wordpress\/?s={search_term_string}"},"query-input":{"@type":"PropertyValueSpecification","valueRequired":true,"valueName":"search_term_string"}}],"inLanguage":"es"},{"@type":"Organization","@id":"https:\/\/www.lavirgendelcamino.info\/wordpress\/#organization","name":"Ayuntamiento de Valverde de la Virgen","url":"https:\/\/www.lavirgendelcamino.info\/wordpress\/","logo":{"@type":"ImageObject","inLanguage":"es","@id":"https:\/\/www.lavirgendelcamino.info\/wordpress\/#\/schema\/logo\/image\/","url":"https:\/\/www.lavirgendelcamino.info\/wordpress\/wp-content\/uploads\/2015\/07\/aytovalverdevector.png","contentUrl":"https:\/\/www.lavirgendelcamino.info\/wordpress\/wp-content\/uploads\/2015\/07\/aytovalverdevector.png","width":371,"height":429,"caption":"Ayuntamiento de Valverde de la Virgen"},"image":{"@id":"https:\/\/www.lavirgendelcamino.info\/wordpress\/#\/schema\/logo\/image\/"},"sameAs":["http:\/\/www.facebook.com\/ayuntamientovalverdedelavirgen","https:\/\/x.com\/valverdevirgen","http:\/\/www.instagram.com\/valverdevirgen\/"]},{"@type":"Person","@id":"https:\/\/www.lavirgendelcamino.info\/wordpress\/#\/schema\/person\/1cd7bc190e45908cbf77185016bd56e6","name":"V\u00edctor","image":{"@type":"ImageObject","inLanguage":"es","@id":"https:\/\/www.lavirgendelcamino.info\/wordpress\/#\/schema\/person\/image\/","url":"https:\/\/www.lavirgendelcamino.info\/wordpress\/wp-content\/uploads\/2023\/11\/346858673_790228009105456_5108495650941352509_n-150x150.jpg","contentUrl":"https:\/\/www.lavirgendelcamino.info\/wordpress\/wp-content\/uploads\/2023\/11\/346858673_790228009105456_5108495650941352509_n-150x150.jpg","caption":"V\u00edctor"},"sameAs":["http:\/\/www.lavirgendelcamino.info","http:\/\/www.facebook.com\/victoralvarez7","http:\/\/instagram.com\/victoralfer\/","https:\/\/x.com\/@valverdevirgen","http:\/\/www.youtube.com\/user\/victoralfer"],"url":"https:\/\/www.lavirgendelcamino.info\/wordpress\/author\/victoralfer\/"}]}},"_links":{"self":[{"href":"https:\/\/www.lavirgendelcamino.info\/wordpress\/wp-json\/wp\/v2\/posts\/57970","targetHints":{"allow":["GET"]}}],"collection":[{"href":"https:\/\/www.lavirgendelcamino.info\/wordpress\/wp-json\/wp\/v2\/posts"}],"about":[{"href":"https:\/\/www.lavirgendelcamino.info\/wordpress\/wp-json\/wp\/v2\/types\/post"}],"author":[{"embeddable":true,"href":"https:\/\/www.lavirgendelcamino.info\/wordpress\/wp-json\/wp\/v2\/users\/1"}],"replies":[{"embeddable":true,"href":"https:\/\/www.lavirgendelcamino.info\/wordpress\/wp-json\/wp\/v2\/comments?post=57970"}],"version-history":[{"count":0,"href":"https:\/\/www.lavirgendelcamino.info\/wordpress\/wp-json\/wp\/v2\/posts\/57970\/revisions"}],"wp:featuredmedia":[{"embeddable":true,"href":"https:\/\/www.lavirgendelcamino.info\/wordpress\/wp-json\/wp\/v2\/media\/57971"}],"wp:attachment":[{"href":"https:\/\/www.lavirgendelcamino.info\/wordpress\/wp-json\/wp\/v2\/media?parent=57970"}],"wp:term":[{"taxonomy":"category","embeddable":true,"href":"https:\/\/www.lavirgendelcamino.info\/wordpress\/wp-json\/wp\/v2\/categories?post=57970"},{"taxonomy":"post_tag","embeddable":true,"href":"https:\/\/www.lavirgendelcamino.info\/wordpress\/wp-json\/wp\/v2\/tags?post=57970"}],"curies":[{"name":"wp","href":"https:\/\/api.w.org\/{rel}","templated":true}]}}