{"id":58485,"date":"2015-05-21T14:00:59","date_gmt":"2015-05-21T13:00:59","guid":{"rendered":"http:\/\/www.lavirgendelcamino.info\/wordpress\/?p=58485"},"modified":"2015-05-29T17:34:06","modified_gmt":"2015-05-29T16:34:06","slug":"el-filial-busca-quedar-campeon-provincial","status":"publish","type":"post","link":"https:\/\/www.lavirgendelcamino.info\/wordpress\/el-filial-busca-quedar-campeon-provincial\/","title":{"rendered":"El filial busca quedar Campe\u00f3n Provincial"},"content":{"rendered":"<p style=\"text-align: justify;\">El filial del Club Deportivo Virgen del Camino en la modalidad de f\u00fatbol buscar\u00e1 este Domingo 24 de Mayo el Campeonato de Liga de la 1\u00aa Divisi\u00f3n Provincial Aficionado.<\/p>\n<p style=\"text-align: justify;\">El partido se disputar\u00e1 ante el actual l\u00edder de la competici\u00f3n, el Club Deportivo Lacina. La victoria es necesaria para que el equipo entrenado por Alaez consiga alzarse con el t\u00edtulo en la primera temporada en esta categor\u00eda.<\/p>\n<p style=\"text-align: justify;\">El equipo filial de La Virgen del Camino naci\u00f3 tras un acuerdo con el Puente Castro, el cual nutre de jugadores a los virginianos tras concluir su etapa juvenil.<\/p>\n","protected":false},"excerpt":{"rendered":"<p>El filial del Club Deportivo Virgen del Camino en la modalidad de f\u00fatbol buscar\u00e1 este Domingo 24 de Mayo el Campeonato de Liga de la 1\u00aa Divisi\u00f3n Provincial Aficionado. El partido se disputar\u00e1 ante el actual l\u00edder de la competici\u00f3n, el Club Deportivo Lacina. La victoria es necesaria para que el equipo entrenado por Alaez [&hellip;]<\/p>\n","protected":false},"author":1,"featured_media":58486,"comment_status":"closed","ping_status":"closed","sticky":false,"template":"","format":"gallery","meta":{"footnotes":""},"categories":[19,1359],"tags":[1463,211,214,325,411,188,1429,410],"class_list":["post-58485","post","type-post","status-publish","format-gallery","has-post-thumbnail","hentry","category-deportes","category-tepudointeresar","tag-filial","tag-futbol","tag-la-virgen-del-camino","tag-laciana","tag-liga","tag-provincial","tag-titulo","tag-villablino","post_format-post-format-gallery"],"yoast_head":"<!-- This site is optimized with the Yoast SEO plugin v26.9 - https:\/\/yoast.com\/product\/yoast-seo-wordpress\/ -->\n<title>El filial busca quedar Campe\u00f3n Provincial - La Virgen del Camino (Le\u00f3n)<\/title>\n<meta name=\"robots\" content=\"index, follow, max-snippet:-1, max-image-preview:large, max-video-preview:-1\" \/>\n<link rel=\"canonical\" href=\"https:\/\/www.lavirgendelcamino.info\/wordpress\/el-filial-busca-quedar-campeon-provincial\/\" \/>\n<meta property=\"og:locale\" content=\"es_ES\" \/>\n<meta property=\"og:type\" content=\"article\" \/>\n<meta property=\"og:title\" content=\"El filial busca quedar Campe\u00f3n Provincial - La Virgen del Camino (Le\u00f3n)\" \/>\n<meta property=\"og:url\" content=\"https:\/\/www.lavirgendelcamino.info\/wordpress\/el-filial-busca-quedar-campeon-provincial\/\" \/>\n<meta property=\"og:site_name\" content=\"La Virgen del Camino (Le\u00f3n)\" \/>\n<meta property=\"article:publisher\" content=\"http:\/\/www.facebook.com\/ayuntamientovalverdedelavirgen\" \/>\n<meta property=\"article:author\" content=\"http:\/\/www.facebook.com\/victoralvarez7\" \/>\n<meta property=\"article:published_time\" content=\"2015-05-21T13:00:59+00:00\" \/>\n<meta property=\"article:modified_time\" content=\"2015-05-29T16:34:06+00:00\" \/>\n<meta property=\"og:image\" content=\"https:\/\/www.lavirgendelcamino.info\/wordpress\/wp-content\/uploads\/2015\/05\/La-Virgen-B-Vs-Laciana_800.jpg\" \/>\n\t<meta property=\"og:image:width\" content=\"800\" \/>\n\t<meta property=\"og:image:height\" content=\"1220\" \/>\n\t<meta property=\"og:image:type\" content=\"image\/jpeg\" \/>\n<meta name=\"author\" content=\"V\u00edctor\" \/>\n<meta name=\"twitter:card\" content=\"summary_large_image\" \/>\n<meta name=\"twitter:creator\" content=\"@valverdevirgen\" \/>\n<meta name=\"twitter:site\" content=\"@valverdevirgen\" \/>\n<meta name=\"twitter:label1\" content=\"Escrito por\" \/>\n\t<meta name=\"twitter:data1\" content=\"V\u00edctor\" \/>\n\t<meta name=\"twitter:label2\" content=\"Tiempo de lectura\" \/>\n\t<meta name=\"twitter:data2\" content=\"1 minuto\" \/>\n<script type=\"application\/ld+json\" class=\"yoast-schema-graph\">{\"@context\":\"https:\/\/schema.org\",\"@graph\":[{\"@type\":\"Article\",\"@id\":\"https:\/\/www.lavirgendelcamino.info\/wordpress\/el-filial-busca-quedar-campeon-provincial\/#article\",\"isPartOf\":{\"@id\":\"https:\/\/www.lavirgendelcamino.info\/wordpress\/el-filial-busca-quedar-campeon-provincial\/\"},\"author\":{\"name\":\"V\u00edctor\",\"@id\":\"https:\/\/www.lavirgendelcamino.info\/wordpress\/#\/schema\/person\/1cd7bc190e45908cbf77185016bd56e6\"},\"headline\":\"El filial busca quedar Campe\u00f3n Provincial\",\"datePublished\":\"2015-05-21T13:00:59+00:00\",\"dateModified\":\"2015-05-29T16:34:06+00:00\",\"mainEntityOfPage\":{\"@id\":\"https:\/\/www.lavirgendelcamino.info\/wordpress\/el-filial-busca-quedar-campeon-provincial\/\"},\"wordCount\":107,\"publisher\":{\"@id\":\"https:\/\/www.lavirgendelcamino.info\/wordpress\/#organization\"},\"image\":{\"@id\":\"https:\/\/www.lavirgendelcamino.info\/wordpress\/el-filial-busca-quedar-campeon-provincial\/#primaryimage\"},\"thumbnailUrl\":\"https:\/\/www.lavirgendelcamino.info\/wordpress\/wp-content\/uploads\/2015\/05\/La-Virgen-B-Vs-Laciana_800.jpg\",\"keywords\":[\"Filial\",\"F\u00fatbol\",\"La Virgen del Camino\",\"Laciana\",\"Liga\",\"Provincial\",\"T\u00edtulo\",\"Villablino\"],\"articleSection\":[\"Deportes\",\"Te pudo Interesar\"],\"inLanguage\":\"es\"},{\"@type\":\"WebPage\",\"@id\":\"https:\/\/www.lavirgendelcamino.info\/wordpress\/el-filial-busca-quedar-campeon-provincial\/\",\"url\":\"https:\/\/www.lavirgendelcamino.info\/wordpress\/el-filial-busca-quedar-campeon-provincial\/\",\"name\":\"El filial busca quedar Campe\u00f3n Provincial - La Virgen del Camino (Le\u00f3n)\",\"isPartOf\":{\"@id\":\"https:\/\/www.lavirgendelcamino.info\/wordpress\/#website\"},\"primaryImageOfPage\":{\"@id\":\"https:\/\/www.lavirgendelcamino.info\/wordpress\/el-filial-busca-quedar-campeon-provincial\/#primaryimage\"},\"image\":{\"@id\":\"https:\/\/www.lavirgendelcamino.info\/wordpress\/el-filial-busca-quedar-campeon-provincial\/#primaryimage\"},\"thumbnailUrl\":\"https:\/\/www.lavirgendelcamino.info\/wordpress\/wp-content\/uploads\/2015\/05\/La-Virgen-B-Vs-Laciana_800.jpg\",\"datePublished\":\"2015-05-21T13:00:59+00:00\",\"dateModified\":\"2015-05-29T16:34:06+00:00\",\"breadcrumb\":{\"@id\":\"https:\/\/www.lavirgendelcamino.info\/wordpress\/el-filial-busca-quedar-campeon-provincial\/#breadcrumb\"},\"inLanguage\":\"es\",\"potentialAction\":[{\"@type\":\"ReadAction\",\"target\":[\"https:\/\/www.lavirgendelcamino.info\/wordpress\/el-filial-busca-quedar-campeon-provincial\/\"]}]},{\"@type\":\"ImageObject\",\"inLanguage\":\"es\",\"@id\":\"https:\/\/www.lavirgendelcamino.info\/wordpress\/el-filial-busca-quedar-campeon-provincial\/#primaryimage\",\"url\":\"https:\/\/www.lavirgendelcamino.info\/wordpress\/wp-content\/uploads\/2015\/05\/La-Virgen-B-Vs-Laciana_800.jpg\",\"contentUrl\":\"https:\/\/www.lavirgendelcamino.info\/wordpress\/wp-content\/uploads\/2015\/05\/La-Virgen-B-Vs-Laciana_800.jpg\",\"width\":800,\"height\":1220},{\"@type\":\"BreadcrumbList\",\"@id\":\"https:\/\/www.lavirgendelcamino.info\/wordpress\/el-filial-busca-quedar-campeon-provincial\/#breadcrumb\",\"itemListElement\":[{\"@type\":\"ListItem\",\"position\":1,\"name\":\"Portada\",\"item\":\"https:\/\/www.lavirgendelcamino.info\/wordpress\/\"},{\"@type\":\"ListItem\",\"position\":2,\"name\":\"El filial busca quedar Campe\u00f3n Provincial\"}]},{\"@type\":\"WebSite\",\"@id\":\"https:\/\/www.lavirgendelcamino.info\/wordpress\/#website\",\"url\":\"https:\/\/www.lavirgendelcamino.info\/wordpress\/\",\"name\":\"La Virgen del Camino (Le\u00f3n)\",\"description\":\"Sitio Web Oficial\",\"publisher\":{\"@id\":\"https:\/\/www.lavirgendelcamino.info\/wordpress\/#organization\"},\"potentialAction\":[{\"@type\":\"SearchAction\",\"target\":{\"@type\":\"EntryPoint\",\"urlTemplate\":\"https:\/\/www.lavirgendelcamino.info\/wordpress\/?s={search_term_string}\"},\"query-input\":{\"@type\":\"PropertyValueSpecification\",\"valueRequired\":true,\"valueName\":\"search_term_string\"}}],\"inLanguage\":\"es\"},{\"@type\":\"Organization\",\"@id\":\"https:\/\/www.lavirgendelcamino.info\/wordpress\/#organization\",\"name\":\"Ayuntamiento de Valverde de la Virgen\",\"url\":\"https:\/\/www.lavirgendelcamino.info\/wordpress\/\",\"logo\":{\"@type\":\"ImageObject\",\"inLanguage\":\"es\",\"@id\":\"https:\/\/www.lavirgendelcamino.info\/wordpress\/#\/schema\/logo\/image\/\",\"url\":\"https:\/\/www.lavirgendelcamino.info\/wordpress\/wp-content\/uploads\/2015\/07\/aytovalverdevector.png\",\"contentUrl\":\"https:\/\/www.lavirgendelcamino.info\/wordpress\/wp-content\/uploads\/2015\/07\/aytovalverdevector.png\",\"width\":371,\"height\":429,\"caption\":\"Ayuntamiento de Valverde de la Virgen\"},\"image\":{\"@id\":\"https:\/\/www.lavirgendelcamino.info\/wordpress\/#\/schema\/logo\/image\/\"},\"sameAs\":[\"http:\/\/www.facebook.com\/ayuntamientovalverdedelavirgen\",\"https:\/\/x.com\/valverdevirgen\",\"http:\/\/www.instagram.com\/valverdevirgen\/\"]},{\"@type\":\"Person\",\"@id\":\"https:\/\/www.lavirgendelcamino.info\/wordpress\/#\/schema\/person\/1cd7bc190e45908cbf77185016bd56e6\",\"name\":\"V\u00edctor\",\"image\":{\"@type\":\"ImageObject\",\"inLanguage\":\"es\",\"@id\":\"https:\/\/www.lavirgendelcamino.info\/wordpress\/#\/schema\/person\/image\/\",\"url\":\"https:\/\/www.lavirgendelcamino.info\/wordpress\/wp-content\/uploads\/2023\/11\/346858673_790228009105456_5108495650941352509_n-150x150.jpg\",\"contentUrl\":\"https:\/\/www.lavirgendelcamino.info\/wordpress\/wp-content\/uploads\/2023\/11\/346858673_790228009105456_5108495650941352509_n-150x150.jpg\",\"caption\":\"V\u00edctor\"},\"sameAs\":[\"http:\/\/www.lavirgendelcamino.info\",\"http:\/\/www.facebook.com\/victoralvarez7\",\"http:\/\/instagram.com\/victoralfer\/\",\"https:\/\/x.com\/@valverdevirgen\",\"http:\/\/www.youtube.com\/user\/victoralfer\"],\"url\":\"https:\/\/www.lavirgendelcamino.info\/wordpress\/author\/victoralfer\/\"}]}<\/script>\n<!-- \/ Yoast SEO plugin. -->","yoast_head_json":{"title":"El filial busca quedar Campe\u00f3n Provincial - La Virgen del Camino (Le\u00f3n)","robots":{"index":"index","follow":"follow","max-snippet":"max-snippet:-1","max-image-preview":"max-image-preview:large","max-video-preview":"max-video-preview:-1"},"canonical":"https:\/\/www.lavirgendelcamino.info\/wordpress\/el-filial-busca-quedar-campeon-provincial\/","og_locale":"es_ES","og_type":"article","og_title":"El filial busca quedar Campe\u00f3n Provincial - La Virgen del Camino (Le\u00f3n)","og_url":"https:\/\/www.lavirgendelcamino.info\/wordpress\/el-filial-busca-quedar-campeon-provincial\/","og_site_name":"La Virgen del Camino (Le\u00f3n)","article_publisher":"http:\/\/www.facebook.com\/ayuntamientovalverdedelavirgen","article_author":"http:\/\/www.facebook.com\/victoralvarez7","article_published_time":"2015-05-21T13:00:59+00:00","article_modified_time":"2015-05-29T16:34:06+00:00","og_image":[{"width":800,"height":1220,"url":"https:\/\/www.lavirgendelcamino.info\/wordpress\/wp-content\/uploads\/2015\/05\/La-Virgen-B-Vs-Laciana_800.jpg","type":"image\/jpeg"}],"author":"V\u00edctor","twitter_card":"summary_large_image","twitter_creator":"@valverdevirgen","twitter_site":"@valverdevirgen","twitter_misc":{"Escrito por":"V\u00edctor","Tiempo de lectura":"1 minuto"},"schema":{"@context":"https:\/\/schema.org","@graph":[{"@type":"Article","@id":"https:\/\/www.lavirgendelcamino.info\/wordpress\/el-filial-busca-quedar-campeon-provincial\/#article","isPartOf":{"@id":"https:\/\/www.lavirgendelcamino.info\/wordpress\/el-filial-busca-quedar-campeon-provincial\/"},"author":{"name":"V\u00edctor","@id":"https:\/\/www.lavirgendelcamino.info\/wordpress\/#\/schema\/person\/1cd7bc190e45908cbf77185016bd56e6"},"headline":"El filial busca quedar Campe\u00f3n Provincial","datePublished":"2015-05-21T13:00:59+00:00","dateModified":"2015-05-29T16:34:06+00:00","mainEntityOfPage":{"@id":"https:\/\/www.lavirgendelcamino.info\/wordpress\/el-filial-busca-quedar-campeon-provincial\/"},"wordCount":107,"publisher":{"@id":"https:\/\/www.lavirgendelcamino.info\/wordpress\/#organization"},"image":{"@id":"https:\/\/www.lavirgendelcamino.info\/wordpress\/el-filial-busca-quedar-campeon-provincial\/#primaryimage"},"thumbnailUrl":"https:\/\/www.lavirgendelcamino.info\/wordpress\/wp-content\/uploads\/2015\/05\/La-Virgen-B-Vs-Laciana_800.jpg","keywords":["Filial","F\u00fatbol","La Virgen del Camino","Laciana","Liga","Provincial","T\u00edtulo","Villablino"],"articleSection":["Deportes","Te pudo Interesar"],"inLanguage":"es"},{"@type":"WebPage","@id":"https:\/\/www.lavirgendelcamino.info\/wordpress\/el-filial-busca-quedar-campeon-provincial\/","url":"https:\/\/www.lavirgendelcamino.info\/wordpress\/el-filial-busca-quedar-campeon-provincial\/","name":"El filial busca quedar Campe\u00f3n Provincial - La Virgen del Camino (Le\u00f3n)","isPartOf":{"@id":"https:\/\/www.lavirgendelcamino.info\/wordpress\/#website"},"primaryImageOfPage":{"@id":"https:\/\/www.lavirgendelcamino.info\/wordpress\/el-filial-busca-quedar-campeon-provincial\/#primaryimage"},"image":{"@id":"https:\/\/www.lavirgendelcamino.info\/wordpress\/el-filial-busca-quedar-campeon-provincial\/#primaryimage"},"thumbnailUrl":"https:\/\/www.lavirgendelcamino.info\/wordpress\/wp-content\/uploads\/2015\/05\/La-Virgen-B-Vs-Laciana_800.jpg","datePublished":"2015-05-21T13:00:59+00:00","dateModified":"2015-05-29T16:34:06+00:00","breadcrumb":{"@id":"https:\/\/www.lavirgendelcamino.info\/wordpress\/el-filial-busca-quedar-campeon-provincial\/#breadcrumb"},"inLanguage":"es","potentialAction":[{"@type":"ReadAction","target":["https:\/\/www.lavirgendelcamino.info\/wordpress\/el-filial-busca-quedar-campeon-provincial\/"]}]},{"@type":"ImageObject","inLanguage":"es","@id":"https:\/\/www.lavirgendelcamino.info\/wordpress\/el-filial-busca-quedar-campeon-provincial\/#primaryimage","url":"https:\/\/www.lavirgendelcamino.info\/wordpress\/wp-content\/uploads\/2015\/05\/La-Virgen-B-Vs-Laciana_800.jpg","contentUrl":"https:\/\/www.lavirgendelcamino.info\/wordpress\/wp-content\/uploads\/2015\/05\/La-Virgen-B-Vs-Laciana_800.jpg","width":800,"height":1220},{"@type":"BreadcrumbList","@id":"https:\/\/www.lavirgendelcamino.info\/wordpress\/el-filial-busca-quedar-campeon-provincial\/#breadcrumb","itemListElement":[{"@type":"ListItem","position":1,"name":"Portada","item":"https:\/\/www.lavirgendelcamino.info\/wordpress\/"},{"@type":"ListItem","position":2,"name":"El filial busca quedar Campe\u00f3n Provincial"}]},{"@type":"WebSite","@id":"https:\/\/www.lavirgendelcamino.info\/wordpress\/#website","url":"https:\/\/www.lavirgendelcamino.info\/wordpress\/","name":"La Virgen del Camino (Le\u00f3n)","description":"Sitio Web Oficial","publisher":{"@id":"https:\/\/www.lavirgendelcamino.info\/wordpress\/#organization"},"potentialAction":[{"@type":"SearchAction","target":{"@type":"EntryPoint","urlTemplate":"https:\/\/www.lavirgendelcamino.info\/wordpress\/?s={search_term_string}"},"query-input":{"@type":"PropertyValueSpecification","valueRequired":true,"valueName":"search_term_string"}}],"inLanguage":"es"},{"@type":"Organization","@id":"https:\/\/www.lavirgendelcamino.info\/wordpress\/#organization","name":"Ayuntamiento de Valverde de la Virgen","url":"https:\/\/www.lavirgendelcamino.info\/wordpress\/","logo":{"@type":"ImageObject","inLanguage":"es","@id":"https:\/\/www.lavirgendelcamino.info\/wordpress\/#\/schema\/logo\/image\/","url":"https:\/\/www.lavirgendelcamino.info\/wordpress\/wp-content\/uploads\/2015\/07\/aytovalverdevector.png","contentUrl":"https:\/\/www.lavirgendelcamino.info\/wordpress\/wp-content\/uploads\/2015\/07\/aytovalverdevector.png","width":371,"height":429,"caption":"Ayuntamiento de Valverde de la Virgen"},"image":{"@id":"https:\/\/www.lavirgendelcamino.info\/wordpress\/#\/schema\/logo\/image\/"},"sameAs":["http:\/\/www.facebook.com\/ayuntamientovalverdedelavirgen","https:\/\/x.com\/valverdevirgen","http:\/\/www.instagram.com\/valverdevirgen\/"]},{"@type":"Person","@id":"https:\/\/www.lavirgendelcamino.info\/wordpress\/#\/schema\/person\/1cd7bc190e45908cbf77185016bd56e6","name":"V\u00edctor","image":{"@type":"ImageObject","inLanguage":"es","@id":"https:\/\/www.lavirgendelcamino.info\/wordpress\/#\/schema\/person\/image\/","url":"https:\/\/www.lavirgendelcamino.info\/wordpress\/wp-content\/uploads\/2023\/11\/346858673_790228009105456_5108495650941352509_n-150x150.jpg","contentUrl":"https:\/\/www.lavirgendelcamino.info\/wordpress\/wp-content\/uploads\/2023\/11\/346858673_790228009105456_5108495650941352509_n-150x150.jpg","caption":"V\u00edctor"},"sameAs":["http:\/\/www.lavirgendelcamino.info","http:\/\/www.facebook.com\/victoralvarez7","http:\/\/instagram.com\/victoralfer\/","https:\/\/x.com\/@valverdevirgen","http:\/\/www.youtube.com\/user\/victoralfer"],"url":"https:\/\/www.lavirgendelcamino.info\/wordpress\/author\/victoralfer\/"}]}},"_links":{"self":[{"href":"https:\/\/www.lavirgendelcamino.info\/wordpress\/wp-json\/wp\/v2\/posts\/58485","targetHints":{"allow":["GET"]}}],"collection":[{"href":"https:\/\/www.lavirgendelcamino.info\/wordpress\/wp-json\/wp\/v2\/posts"}],"about":[{"href":"https:\/\/www.lavirgendelcamino.info\/wordpress\/wp-json\/wp\/v2\/types\/post"}],"author":[{"embeddable":true,"href":"https:\/\/www.lavirgendelcamino.info\/wordpress\/wp-json\/wp\/v2\/users\/1"}],"replies":[{"embeddable":true,"href":"https:\/\/www.lavirgendelcamino.info\/wordpress\/wp-json\/wp\/v2\/comments?post=58485"}],"version-history":[{"count":0,"href":"https:\/\/www.lavirgendelcamino.info\/wordpress\/wp-json\/wp\/v2\/posts\/58485\/revisions"}],"wp:featuredmedia":[{"embeddable":true,"href":"https:\/\/www.lavirgendelcamino.info\/wordpress\/wp-json\/wp\/v2\/media\/58486"}],"wp:attachment":[{"href":"https:\/\/www.lavirgendelcamino.info\/wordpress\/wp-json\/wp\/v2\/media?parent=58485"}],"wp:term":[{"taxonomy":"category","embeddable":true,"href":"https:\/\/www.lavirgendelcamino.info\/wordpress\/wp-json\/wp\/v2\/categories?post=58485"},{"taxonomy":"post_tag","embeddable":true,"href":"https:\/\/www.lavirgendelcamino.info\/wordpress\/wp-json\/wp\/v2\/tags?post=58485"}],"curies":[{"name":"wp","href":"https:\/\/api.w.org\/{rel}","templated":true}]}}