{"id":58755,"date":"2015-10-02T13:11:39","date_gmt":"2015-10-02T12:11:39","guid":{"rendered":"http:\/\/www.lavirgendelcamino.info\/wordpress\/?p=58755"},"modified":"2015-10-15T22:16:11","modified_gmt":"2015-10-15T21:16:11","slug":"la-junta-local-de-seguridad-aprueba-el-dispositivo-de-seguridad-de-la-romeria-de-san-froilan","status":"publish","type":"post","link":"https:\/\/www.lavirgendelcamino.info\/wordpress\/la-junta-local-de-seguridad-aprueba-el-dispositivo-de-seguridad-de-la-romeria-de-san-froilan\/","title":{"rendered":"La Junta Local de Seguridad aprueba el Dispositivo de Seguridad de la Romer\u00eda de San Froil\u00e1n"},"content":{"rendered":"<p style=\"text-align: justify;\">El Ayuntamiento de Valverde de la Virgen present\u00f3 el protocolo y dispositivo de seguridad y sanitario la Junta Local de Seguridad de Valverde de la Virgen copresidida por la Subdelegada del Gobierno y el Alcalde del municipio, los cuales han aprobado el dispositivo con motivo de la Romer\u00eda de San Froil\u00e1n del Lunes 5 de Octubre de 2015.<\/p>\n<p style=\"text-align: justify;\">El protocolo de actuaci\u00f3n se desarrolla el 5 de Octubre, d\u00eda de San Froil\u00e1n en La Virgen del Camino, Romer\u00eda declarada de Inter\u00e9s Tur\u00edstico Provincial y Regional. Se calcula una asistencia a lo largo de la jornada de mas de 50.000 romeros; interviniendo en dicho dispositivo la Guardia Civil (entre ellas la unidad de tr\u00e1fico), Polic\u00eda Local de Valverde de la Virgen, las agrupaciones de Protecci\u00f3n Civil de Valverde de la Virgen, San Andr\u00e9s del Rabanedo, Villaquilambre, Sariegos y Le\u00f3n, as\u00ed como Cruz Roja Provincial, formando un dispositivo que contar\u00e1 con m\u00e1s de\u00a0250 personas. Tambi\u00e9n la Guardia Civil de Armunia establecer\u00e1 una Oficina de Denuncias en el Cuartel del GRS de La Virgen del Camino, a disposici\u00f3n de los ciudadanos desde primera a \u00faltima hora en el d\u00eda de la Romer\u00eda.<\/p>\n<p style=\"text-align: justify;\">Los recursos materiales y medios ser\u00e1n una\u00a0carpa PMA de 24 m2, una carpa del 112 de 30 m2, veh\u00edculos de comunicaciones, tres ambulancias de Protecci\u00f3n Civil y Cruz Roja, equipos de radio y emisores individuales, camillas plegables y r\u00edgidas y material sanitario, as\u00ed como diversos veh\u00edculos policiales y de protecci\u00f3n.<\/p>\n<p style=\"text-align: justify;\">Durante toda la jornada se establecer\u00e1n grupos de tr\u00e1fico, grupos sanitarios, grupo de asistencia al ciudadano y grupo de control de accesos y salidas a la Bas\u00edlica de La Virgen del Camino, adem\u00e1s la Agrupaci\u00f3n de Protecci\u00f3n Civil de Valverde de la Virgen tendr\u00e1 activado as\u00ed un reten de incendios.<\/p>\n<p style=\"text-align: justify;\">La coordinaci\u00f3n para cualquier emergencia es el dispositivo 112 de la Junta de Castilla y Le\u00f3n, que a su vez trasladar\u00e1 al grupo correspondiente en funci\u00f3n de la emergencia solicitada.<\/p>\n<p style=\"text-align: justify;\">Desde la organizaci\u00f3n se cree que el pico de mayor afluencia de la Romer\u00eda de San Froil\u00e1n del 5 de Octubre ser\u00e1 entre las 10:00 y las 15:00 horas, con una previsi\u00f3n de 40.000 personas.<\/p>\n<p style=\"text-align: justify;\">Se recomienda a todas aquellas personas que accedan a La Virgen del Camino desde la ciudad de Le\u00f3n o del municipio de San Andr\u00e9s del Rabanedo que utilicen los servicios p\u00fablicos que ese d\u00eda ALSA pone a disposici\u00f3n de todos los usuarios, los cuales se ven reforzados con m\u00e1s de 20 autobuses o bien como tradicionalmente se hace, desplaz\u00e1ndose caminando hasta La Virgen del Camino.<\/p>\n<p style=\"text-align: justify;\">A las 10:00 horas dar\u00e1 comienzo el desfile de los m\u00e1s de media centenar de Carros Engalanados y las dos centenas de Pendones leoneses con salida del aparcamiento del Hipermercado E. Leclerc. La llegada a la Explanada de la Bas\u00edlica est\u00e1 prevista a las 11:45 horas, momento en el cual se iniciar\u00e1 la tradicional Misa Solemne.<\/p>\n<p style=\"text-align: justify;\">La Junta Local de Seguridad de Valverde de la Virgen est\u00e1 integrada por la Subdelegada de Gobierno y el Alcalde de Valverde de la Virgen que la copresiden; as\u00ed mismo forman parte de ella el Comandante de la Guardia Civil de Armunia, el Jefe de la Polic\u00eda Local de Valverde de la Virgen, el Jefe de Protecci\u00f3n Civil de Valverde de la Virgen, la Responsable de Protecci\u00f3n Civil de la Junta de Castilla y Le\u00f3n, el responsable de Protecci\u00f3n Civil de la Subdelegaci\u00f3n de Gobierno en Le\u00f3n, actuando como Secretario el de la Corporaci\u00f3n Municipal de Valverde de la Virgen.<\/p>\n","protected":false},"excerpt":{"rendered":"<p>El Ayuntamiento de Valverde de la Virgen present\u00f3 el protocolo y dispositivo de seguridad y sanitario la Junta Local de Seguridad de Valverde de la Virgen copresidida por la Subdelegada del Gobierno y el Alcalde del municipio, los cuales han aprobado el dispositivo con motivo de la Romer\u00eda de San Froil\u00e1n del Lunes 5 de [&hellip;]<\/p>\n","protected":false},"author":1,"featured_media":58757,"comment_status":"closed","ping_status":"closed","sticky":false,"template":"","format":"gallery","meta":{"footnotes":""},"categories":[23,1,1359],"tags":[1671,1670,657,1377],"class_list":["post-58755","post","type-post","status-publish","format-gallery","has-post-thumbnail","hentry","category-fiestas","category-noticias","category-tepudointeresar","tag-dispositivo","tag-protocolo","tag-san-froilan","tag-seguridad","post_format-post-format-gallery"],"yoast_head":"<!-- This site is optimized with the Yoast SEO plugin v26.9 - https:\/\/yoast.com\/product\/yoast-seo-wordpress\/ -->\n<title>La Junta Local de Seguridad aprueba el Dispositivo de Seguridad de la Romer\u00eda de San Froil\u00e1n - La Virgen del Camino (Le\u00f3n)<\/title>\n<meta name=\"robots\" content=\"index, follow, max-snippet:-1, max-image-preview:large, max-video-preview:-1\" \/>\n<link rel=\"canonical\" href=\"https:\/\/www.lavirgendelcamino.info\/wordpress\/la-junta-local-de-seguridad-aprueba-el-dispositivo-de-seguridad-de-la-romeria-de-san-froilan\/\" \/>\n<meta property=\"og:locale\" content=\"es_ES\" \/>\n<meta property=\"og:type\" content=\"article\" \/>\n<meta property=\"og:title\" content=\"La Junta Local de Seguridad aprueba el Dispositivo de Seguridad de la Romer\u00eda de San Froil\u00e1n - La Virgen del Camino (Le\u00f3n)\" \/>\n<meta property=\"og:url\" content=\"https:\/\/www.lavirgendelcamino.info\/wordpress\/la-junta-local-de-seguridad-aprueba-el-dispositivo-de-seguridad-de-la-romeria-de-san-froilan\/\" \/>\n<meta property=\"og:site_name\" content=\"La Virgen del Camino (Le\u00f3n)\" \/>\n<meta property=\"article:publisher\" content=\"http:\/\/www.facebook.com\/ayuntamientovalverdedelavirgen\" \/>\n<meta property=\"article:author\" content=\"http:\/\/www.facebook.com\/victoralvarez7\" \/>\n<meta property=\"article:published_time\" content=\"2015-10-02T12:11:39+00:00\" \/>\n<meta property=\"article:modified_time\" content=\"2015-10-15T21:16:11+00:00\" \/>\n<meta property=\"og:image\" content=\"https:\/\/www.lavirgendelcamino.info\/wordpress\/wp-content\/uploads\/2015\/10\/senderismo-municipio-ret.jpg\" \/>\n\t<meta property=\"og:image:width\" content=\"800\" \/>\n\t<meta property=\"og:image:height\" content=\"538\" \/>\n\t<meta property=\"og:image:type\" content=\"image\/jpeg\" \/>\n<meta name=\"author\" content=\"V\u00edctor\" \/>\n<meta name=\"twitter:card\" content=\"summary_large_image\" \/>\n<meta name=\"twitter:creator\" content=\"@valverdevirgen\" \/>\n<meta name=\"twitter:site\" content=\"@valverdevirgen\" \/>\n<meta name=\"twitter:label1\" content=\"Escrito por\" \/>\n\t<meta name=\"twitter:data1\" content=\"V\u00edctor\" \/>\n\t<meta name=\"twitter:label2\" content=\"Tiempo de lectura\" \/>\n\t<meta name=\"twitter:data2\" content=\"3 minutos\" \/>\n<script type=\"application\/ld+json\" class=\"yoast-schema-graph\">{\"@context\":\"https:\/\/schema.org\",\"@graph\":[{\"@type\":\"Article\",\"@id\":\"https:\/\/www.lavirgendelcamino.info\/wordpress\/la-junta-local-de-seguridad-aprueba-el-dispositivo-de-seguridad-de-la-romeria-de-san-froilan\/#article\",\"isPartOf\":{\"@id\":\"https:\/\/www.lavirgendelcamino.info\/wordpress\/la-junta-local-de-seguridad-aprueba-el-dispositivo-de-seguridad-de-la-romeria-de-san-froilan\/\"},\"author\":{\"name\":\"V\u00edctor\",\"@id\":\"https:\/\/www.lavirgendelcamino.info\/wordpress\/#\/schema\/person\/1cd7bc190e45908cbf77185016bd56e6\"},\"headline\":\"La Junta Local de Seguridad aprueba el Dispositivo de Seguridad de la Romer\u00eda de San Froil\u00e1n\",\"datePublished\":\"2015-10-02T12:11:39+00:00\",\"dateModified\":\"2015-10-15T21:16:11+00:00\",\"mainEntityOfPage\":{\"@id\":\"https:\/\/www.lavirgendelcamino.info\/wordpress\/la-junta-local-de-seguridad-aprueba-el-dispositivo-de-seguridad-de-la-romeria-de-san-froilan\/\"},\"wordCount\":633,\"publisher\":{\"@id\":\"https:\/\/www.lavirgendelcamino.info\/wordpress\/#organization\"},\"image\":{\"@id\":\"https:\/\/www.lavirgendelcamino.info\/wordpress\/la-junta-local-de-seguridad-aprueba-el-dispositivo-de-seguridad-de-la-romeria-de-san-froilan\/#primaryimage\"},\"thumbnailUrl\":\"https:\/\/www.lavirgendelcamino.info\/wordpress\/wp-content\/uploads\/2015\/10\/senderismo-municipio-ret.jpg\",\"keywords\":[\"Dispositivo\",\"Protocolo\",\"San Froil\u00e1n\",\"Seguridad\"],\"articleSection\":[\"Fiestas\",\"Noticias\",\"Te pudo Interesar\"],\"inLanguage\":\"es\"},{\"@type\":\"WebPage\",\"@id\":\"https:\/\/www.lavirgendelcamino.info\/wordpress\/la-junta-local-de-seguridad-aprueba-el-dispositivo-de-seguridad-de-la-romeria-de-san-froilan\/\",\"url\":\"https:\/\/www.lavirgendelcamino.info\/wordpress\/la-junta-local-de-seguridad-aprueba-el-dispositivo-de-seguridad-de-la-romeria-de-san-froilan\/\",\"name\":\"La Junta Local de Seguridad aprueba el Dispositivo de Seguridad de la Romer\u00eda de San Froil\u00e1n - La Virgen del Camino (Le\u00f3n)\",\"isPartOf\":{\"@id\":\"https:\/\/www.lavirgendelcamino.info\/wordpress\/#website\"},\"primaryImageOfPage\":{\"@id\":\"https:\/\/www.lavirgendelcamino.info\/wordpress\/la-junta-local-de-seguridad-aprueba-el-dispositivo-de-seguridad-de-la-romeria-de-san-froilan\/#primaryimage\"},\"image\":{\"@id\":\"https:\/\/www.lavirgendelcamino.info\/wordpress\/la-junta-local-de-seguridad-aprueba-el-dispositivo-de-seguridad-de-la-romeria-de-san-froilan\/#primaryimage\"},\"thumbnailUrl\":\"https:\/\/www.lavirgendelcamino.info\/wordpress\/wp-content\/uploads\/2015\/10\/senderismo-municipio-ret.jpg\",\"datePublished\":\"2015-10-02T12:11:39+00:00\",\"dateModified\":\"2015-10-15T21:16:11+00:00\",\"breadcrumb\":{\"@id\":\"https:\/\/www.lavirgendelcamino.info\/wordpress\/la-junta-local-de-seguridad-aprueba-el-dispositivo-de-seguridad-de-la-romeria-de-san-froilan\/#breadcrumb\"},\"inLanguage\":\"es\",\"potentialAction\":[{\"@type\":\"ReadAction\",\"target\":[\"https:\/\/www.lavirgendelcamino.info\/wordpress\/la-junta-local-de-seguridad-aprueba-el-dispositivo-de-seguridad-de-la-romeria-de-san-froilan\/\"]}]},{\"@type\":\"ImageObject\",\"inLanguage\":\"es\",\"@id\":\"https:\/\/www.lavirgendelcamino.info\/wordpress\/la-junta-local-de-seguridad-aprueba-el-dispositivo-de-seguridad-de-la-romeria-de-san-froilan\/#primaryimage\",\"url\":\"https:\/\/www.lavirgendelcamino.info\/wordpress\/wp-content\/uploads\/2015\/10\/senderismo-municipio-ret.jpg\",\"contentUrl\":\"https:\/\/www.lavirgendelcamino.info\/wordpress\/wp-content\/uploads\/2015\/10\/senderismo-municipio-ret.jpg\",\"width\":800,\"height\":538},{\"@type\":\"BreadcrumbList\",\"@id\":\"https:\/\/www.lavirgendelcamino.info\/wordpress\/la-junta-local-de-seguridad-aprueba-el-dispositivo-de-seguridad-de-la-romeria-de-san-froilan\/#breadcrumb\",\"itemListElement\":[{\"@type\":\"ListItem\",\"position\":1,\"name\":\"Portada\",\"item\":\"https:\/\/www.lavirgendelcamino.info\/wordpress\/\"},{\"@type\":\"ListItem\",\"position\":2,\"name\":\"La Junta Local de Seguridad aprueba el Dispositivo de Seguridad de la Romer\u00eda de San Froil\u00e1n\"}]},{\"@type\":\"WebSite\",\"@id\":\"https:\/\/www.lavirgendelcamino.info\/wordpress\/#website\",\"url\":\"https:\/\/www.lavirgendelcamino.info\/wordpress\/\",\"name\":\"La Virgen del Camino (Le\u00f3n)\",\"description\":\"Sitio Web Oficial\",\"publisher\":{\"@id\":\"https:\/\/www.lavirgendelcamino.info\/wordpress\/#organization\"},\"potentialAction\":[{\"@type\":\"SearchAction\",\"target\":{\"@type\":\"EntryPoint\",\"urlTemplate\":\"https:\/\/www.lavirgendelcamino.info\/wordpress\/?s={search_term_string}\"},\"query-input\":{\"@type\":\"PropertyValueSpecification\",\"valueRequired\":true,\"valueName\":\"search_term_string\"}}],\"inLanguage\":\"es\"},{\"@type\":\"Organization\",\"@id\":\"https:\/\/www.lavirgendelcamino.info\/wordpress\/#organization\",\"name\":\"Ayuntamiento de Valverde de la Virgen\",\"url\":\"https:\/\/www.lavirgendelcamino.info\/wordpress\/\",\"logo\":{\"@type\":\"ImageObject\",\"inLanguage\":\"es\",\"@id\":\"https:\/\/www.lavirgendelcamino.info\/wordpress\/#\/schema\/logo\/image\/\",\"url\":\"https:\/\/www.lavirgendelcamino.info\/wordpress\/wp-content\/uploads\/2015\/07\/aytovalverdevector.png\",\"contentUrl\":\"https:\/\/www.lavirgendelcamino.info\/wordpress\/wp-content\/uploads\/2015\/07\/aytovalverdevector.png\",\"width\":371,\"height\":429,\"caption\":\"Ayuntamiento de Valverde de la Virgen\"},\"image\":{\"@id\":\"https:\/\/www.lavirgendelcamino.info\/wordpress\/#\/schema\/logo\/image\/\"},\"sameAs\":[\"http:\/\/www.facebook.com\/ayuntamientovalverdedelavirgen\",\"https:\/\/x.com\/valverdevirgen\",\"http:\/\/www.instagram.com\/valverdevirgen\/\"]},{\"@type\":\"Person\",\"@id\":\"https:\/\/www.lavirgendelcamino.info\/wordpress\/#\/schema\/person\/1cd7bc190e45908cbf77185016bd56e6\",\"name\":\"V\u00edctor\",\"image\":{\"@type\":\"ImageObject\",\"inLanguage\":\"es\",\"@id\":\"https:\/\/www.lavirgendelcamino.info\/wordpress\/#\/schema\/person\/image\/\",\"url\":\"https:\/\/www.lavirgendelcamino.info\/wordpress\/wp-content\/uploads\/2023\/11\/346858673_790228009105456_5108495650941352509_n-150x150.jpg\",\"contentUrl\":\"https:\/\/www.lavirgendelcamino.info\/wordpress\/wp-content\/uploads\/2023\/11\/346858673_790228009105456_5108495650941352509_n-150x150.jpg\",\"caption\":\"V\u00edctor\"},\"sameAs\":[\"http:\/\/www.lavirgendelcamino.info\",\"http:\/\/www.facebook.com\/victoralvarez7\",\"http:\/\/instagram.com\/victoralfer\/\",\"https:\/\/x.com\/@valverdevirgen\",\"http:\/\/www.youtube.com\/user\/victoralfer\"],\"url\":\"https:\/\/www.lavirgendelcamino.info\/wordpress\/author\/victoralfer\/\"}]}<\/script>\n<!-- \/ Yoast SEO plugin. -->","yoast_head_json":{"title":"La Junta Local de Seguridad aprueba el Dispositivo de Seguridad de la Romer\u00eda de San Froil\u00e1n - La Virgen del Camino (Le\u00f3n)","robots":{"index":"index","follow":"follow","max-snippet":"max-snippet:-1","max-image-preview":"max-image-preview:large","max-video-preview":"max-video-preview:-1"},"canonical":"https:\/\/www.lavirgendelcamino.info\/wordpress\/la-junta-local-de-seguridad-aprueba-el-dispositivo-de-seguridad-de-la-romeria-de-san-froilan\/","og_locale":"es_ES","og_type":"article","og_title":"La Junta Local de Seguridad aprueba el Dispositivo de Seguridad de la Romer\u00eda de San Froil\u00e1n - La Virgen del Camino (Le\u00f3n)","og_url":"https:\/\/www.lavirgendelcamino.info\/wordpress\/la-junta-local-de-seguridad-aprueba-el-dispositivo-de-seguridad-de-la-romeria-de-san-froilan\/","og_site_name":"La Virgen del Camino (Le\u00f3n)","article_publisher":"http:\/\/www.facebook.com\/ayuntamientovalverdedelavirgen","article_author":"http:\/\/www.facebook.com\/victoralvarez7","article_published_time":"2015-10-02T12:11:39+00:00","article_modified_time":"2015-10-15T21:16:11+00:00","og_image":[{"width":800,"height":538,"url":"https:\/\/www.lavirgendelcamino.info\/wordpress\/wp-content\/uploads\/2015\/10\/senderismo-municipio-ret.jpg","type":"image\/jpeg"}],"author":"V\u00edctor","twitter_card":"summary_large_image","twitter_creator":"@valverdevirgen","twitter_site":"@valverdevirgen","twitter_misc":{"Escrito por":"V\u00edctor","Tiempo de lectura":"3 minutos"},"schema":{"@context":"https:\/\/schema.org","@graph":[{"@type":"Article","@id":"https:\/\/www.lavirgendelcamino.info\/wordpress\/la-junta-local-de-seguridad-aprueba-el-dispositivo-de-seguridad-de-la-romeria-de-san-froilan\/#article","isPartOf":{"@id":"https:\/\/www.lavirgendelcamino.info\/wordpress\/la-junta-local-de-seguridad-aprueba-el-dispositivo-de-seguridad-de-la-romeria-de-san-froilan\/"},"author":{"name":"V\u00edctor","@id":"https:\/\/www.lavirgendelcamino.info\/wordpress\/#\/schema\/person\/1cd7bc190e45908cbf77185016bd56e6"},"headline":"La Junta Local de Seguridad aprueba el Dispositivo de Seguridad de la Romer\u00eda de San Froil\u00e1n","datePublished":"2015-10-02T12:11:39+00:00","dateModified":"2015-10-15T21:16:11+00:00","mainEntityOfPage":{"@id":"https:\/\/www.lavirgendelcamino.info\/wordpress\/la-junta-local-de-seguridad-aprueba-el-dispositivo-de-seguridad-de-la-romeria-de-san-froilan\/"},"wordCount":633,"publisher":{"@id":"https:\/\/www.lavirgendelcamino.info\/wordpress\/#organization"},"image":{"@id":"https:\/\/www.lavirgendelcamino.info\/wordpress\/la-junta-local-de-seguridad-aprueba-el-dispositivo-de-seguridad-de-la-romeria-de-san-froilan\/#primaryimage"},"thumbnailUrl":"https:\/\/www.lavirgendelcamino.info\/wordpress\/wp-content\/uploads\/2015\/10\/senderismo-municipio-ret.jpg","keywords":["Dispositivo","Protocolo","San Froil\u00e1n","Seguridad"],"articleSection":["Fiestas","Noticias","Te pudo Interesar"],"inLanguage":"es"},{"@type":"WebPage","@id":"https:\/\/www.lavirgendelcamino.info\/wordpress\/la-junta-local-de-seguridad-aprueba-el-dispositivo-de-seguridad-de-la-romeria-de-san-froilan\/","url":"https:\/\/www.lavirgendelcamino.info\/wordpress\/la-junta-local-de-seguridad-aprueba-el-dispositivo-de-seguridad-de-la-romeria-de-san-froilan\/","name":"La Junta Local de Seguridad aprueba el Dispositivo de Seguridad de la Romer\u00eda de San Froil\u00e1n - La Virgen del Camino (Le\u00f3n)","isPartOf":{"@id":"https:\/\/www.lavirgendelcamino.info\/wordpress\/#website"},"primaryImageOfPage":{"@id":"https:\/\/www.lavirgendelcamino.info\/wordpress\/la-junta-local-de-seguridad-aprueba-el-dispositivo-de-seguridad-de-la-romeria-de-san-froilan\/#primaryimage"},"image":{"@id":"https:\/\/www.lavirgendelcamino.info\/wordpress\/la-junta-local-de-seguridad-aprueba-el-dispositivo-de-seguridad-de-la-romeria-de-san-froilan\/#primaryimage"},"thumbnailUrl":"https:\/\/www.lavirgendelcamino.info\/wordpress\/wp-content\/uploads\/2015\/10\/senderismo-municipio-ret.jpg","datePublished":"2015-10-02T12:11:39+00:00","dateModified":"2015-10-15T21:16:11+00:00","breadcrumb":{"@id":"https:\/\/www.lavirgendelcamino.info\/wordpress\/la-junta-local-de-seguridad-aprueba-el-dispositivo-de-seguridad-de-la-romeria-de-san-froilan\/#breadcrumb"},"inLanguage":"es","potentialAction":[{"@type":"ReadAction","target":["https:\/\/www.lavirgendelcamino.info\/wordpress\/la-junta-local-de-seguridad-aprueba-el-dispositivo-de-seguridad-de-la-romeria-de-san-froilan\/"]}]},{"@type":"ImageObject","inLanguage":"es","@id":"https:\/\/www.lavirgendelcamino.info\/wordpress\/la-junta-local-de-seguridad-aprueba-el-dispositivo-de-seguridad-de-la-romeria-de-san-froilan\/#primaryimage","url":"https:\/\/www.lavirgendelcamino.info\/wordpress\/wp-content\/uploads\/2015\/10\/senderismo-municipio-ret.jpg","contentUrl":"https:\/\/www.lavirgendelcamino.info\/wordpress\/wp-content\/uploads\/2015\/10\/senderismo-municipio-ret.jpg","width":800,"height":538},{"@type":"BreadcrumbList","@id":"https:\/\/www.lavirgendelcamino.info\/wordpress\/la-junta-local-de-seguridad-aprueba-el-dispositivo-de-seguridad-de-la-romeria-de-san-froilan\/#breadcrumb","itemListElement":[{"@type":"ListItem","position":1,"name":"Portada","item":"https:\/\/www.lavirgendelcamino.info\/wordpress\/"},{"@type":"ListItem","position":2,"name":"La Junta Local de Seguridad aprueba el Dispositivo de Seguridad de la Romer\u00eda de San Froil\u00e1n"}]},{"@type":"WebSite","@id":"https:\/\/www.lavirgendelcamino.info\/wordpress\/#website","url":"https:\/\/www.lavirgendelcamino.info\/wordpress\/","name":"La Virgen del Camino (Le\u00f3n)","description":"Sitio Web Oficial","publisher":{"@id":"https:\/\/www.lavirgendelcamino.info\/wordpress\/#organization"},"potentialAction":[{"@type":"SearchAction","target":{"@type":"EntryPoint","urlTemplate":"https:\/\/www.lavirgendelcamino.info\/wordpress\/?s={search_term_string}"},"query-input":{"@type":"PropertyValueSpecification","valueRequired":true,"valueName":"search_term_string"}}],"inLanguage":"es"},{"@type":"Organization","@id":"https:\/\/www.lavirgendelcamino.info\/wordpress\/#organization","name":"Ayuntamiento de Valverde de la Virgen","url":"https:\/\/www.lavirgendelcamino.info\/wordpress\/","logo":{"@type":"ImageObject","inLanguage":"es","@id":"https:\/\/www.lavirgendelcamino.info\/wordpress\/#\/schema\/logo\/image\/","url":"https:\/\/www.lavirgendelcamino.info\/wordpress\/wp-content\/uploads\/2015\/07\/aytovalverdevector.png","contentUrl":"https:\/\/www.lavirgendelcamino.info\/wordpress\/wp-content\/uploads\/2015\/07\/aytovalverdevector.png","width":371,"height":429,"caption":"Ayuntamiento de Valverde de la Virgen"},"image":{"@id":"https:\/\/www.lavirgendelcamino.info\/wordpress\/#\/schema\/logo\/image\/"},"sameAs":["http:\/\/www.facebook.com\/ayuntamientovalverdedelavirgen","https:\/\/x.com\/valverdevirgen","http:\/\/www.instagram.com\/valverdevirgen\/"]},{"@type":"Person","@id":"https:\/\/www.lavirgendelcamino.info\/wordpress\/#\/schema\/person\/1cd7bc190e45908cbf77185016bd56e6","name":"V\u00edctor","image":{"@type":"ImageObject","inLanguage":"es","@id":"https:\/\/www.lavirgendelcamino.info\/wordpress\/#\/schema\/person\/image\/","url":"https:\/\/www.lavirgendelcamino.info\/wordpress\/wp-content\/uploads\/2023\/11\/346858673_790228009105456_5108495650941352509_n-150x150.jpg","contentUrl":"https:\/\/www.lavirgendelcamino.info\/wordpress\/wp-content\/uploads\/2023\/11\/346858673_790228009105456_5108495650941352509_n-150x150.jpg","caption":"V\u00edctor"},"sameAs":["http:\/\/www.lavirgendelcamino.info","http:\/\/www.facebook.com\/victoralvarez7","http:\/\/instagram.com\/victoralfer\/","https:\/\/x.com\/@valverdevirgen","http:\/\/www.youtube.com\/user\/victoralfer"],"url":"https:\/\/www.lavirgendelcamino.info\/wordpress\/author\/victoralfer\/"}]}},"_links":{"self":[{"href":"https:\/\/www.lavirgendelcamino.info\/wordpress\/wp-json\/wp\/v2\/posts\/58755","targetHints":{"allow":["GET"]}}],"collection":[{"href":"https:\/\/www.lavirgendelcamino.info\/wordpress\/wp-json\/wp\/v2\/posts"}],"about":[{"href":"https:\/\/www.lavirgendelcamino.info\/wordpress\/wp-json\/wp\/v2\/types\/post"}],"author":[{"embeddable":true,"href":"https:\/\/www.lavirgendelcamino.info\/wordpress\/wp-json\/wp\/v2\/users\/1"}],"replies":[{"embeddable":true,"href":"https:\/\/www.lavirgendelcamino.info\/wordpress\/wp-json\/wp\/v2\/comments?post=58755"}],"version-history":[{"count":0,"href":"https:\/\/www.lavirgendelcamino.info\/wordpress\/wp-json\/wp\/v2\/posts\/58755\/revisions"}],"wp:featuredmedia":[{"embeddable":true,"href":"https:\/\/www.lavirgendelcamino.info\/wordpress\/wp-json\/wp\/v2\/media\/58757"}],"wp:attachment":[{"href":"https:\/\/www.lavirgendelcamino.info\/wordpress\/wp-json\/wp\/v2\/media?parent=58755"}],"wp:term":[{"taxonomy":"category","embeddable":true,"href":"https:\/\/www.lavirgendelcamino.info\/wordpress\/wp-json\/wp\/v2\/categories?post=58755"},{"taxonomy":"post_tag","embeddable":true,"href":"https:\/\/www.lavirgendelcamino.info\/wordpress\/wp-json\/wp\/v2\/tags?post=58755"}],"curies":[{"name":"wp","href":"https:\/\/api.w.org\/{rel}","templated":true}]}}