{"id":58854,"date":"2015-11-10T15:07:44","date_gmt":"2015-11-10T14:07:44","guid":{"rendered":"http:\/\/www.lavirgendelcamino.info\/wordpress\/?p=58854"},"modified":"2015-12-03T16:44:59","modified_gmt":"2015-12-03T15:44:59","slug":"homenaje-a-ricardo-alvarez-campeon-de-europa-de-golf-adaptado","status":"publish","type":"post","link":"https:\/\/www.lavirgendelcamino.info\/wordpress\/homenaje-a-ricardo-alvarez-campeon-de-europa-de-golf-adaptado\/","title":{"rendered":"Homenaje a Ricardo \u00c1lvarez, Campe\u00f3n de Europa de Golf Adaptado"},"content":{"rendered":"<p style=\"text-align: justify;\">El Ayuntamiento de Valverde de la Virgen recibi\u00f3 en la ma\u00f1ana del Martes 10 de Noviembre a <strong>Ricardo \u00c1lvarez Alonso<\/strong>, vecino de Montejos del Camino que se proclam\u00f3 <strong>Campe\u00f3n de Europa de Selecciones Nacionales de Golf Adaptado<\/strong> en la modalidad de h\u00e1ndicap el pasado 25 de Octubre de 2015 en M\u00e1laga.<\/p>\n<p style=\"text-align: justify;\">El acto estuvo\u00a0presidido por el\u00a0Alcalde del Ayuntamiento de Valverde de la Virgen, David Fern\u00e1ndez Blanco,\u00a0que cont\u00f3 con la presencia de\u00a0representantes municipales, del gerente del Club de Golf de San Miguel del Camino, as\u00ed como familiares y amigos de\u00a0Ricardo, el cual ya se hab\u00eda proclamado Campe\u00f3n de Europa por Selecciones en el a\u00f1o 2013.<\/p>\n<p style=\"text-align: justify;\">Ricardo \u00c1lvarez\u00a0fue el jugador m\u00e1s destacado en este \u00faltimo campeonato que llev\u00f3 a lo m\u00e1s alto nuevamente a la Selecci\u00f3n Espa\u00f1ola, en un torneo que concluy\u00f3 con Holanda y Dinamarca en el segundo y tercer puesto respectivamente.<\/p>\n<h2 style=\"text-align: center;\"><span style=\"color: #339966;\"><em><strong>\u00a1\u00a1 Enhorabuena Ricardo !!<\/strong><\/em><\/span><\/h2>\n<p style=\"text-align: center;\">[AFG_gallery id=&#8217;130&#8242;]<\/p>\n","protected":false},"excerpt":{"rendered":"<p>El Ayuntamiento de Valverde de la Virgen recibi\u00f3 en la ma\u00f1ana del Martes 10 de Noviembre a Ricardo \u00c1lvarez Alonso, vecino de Montejos del Camino que se proclam\u00f3 Campe\u00f3n de Europa de Selecciones Nacionales de Golf Adaptado en la modalidad de h\u00e1ndicap el pasado 25 de Octubre de 2015 en M\u00e1laga. El acto estuvo\u00a0presidido por [&hellip;]<\/p>\n","protected":false},"author":1,"featured_media":58856,"comment_status":"closed","ping_status":"closed","sticky":false,"template":"","format":"gallery","meta":{"footnotes":""},"categories":[19,1365],"tags":[743,246,286,742,394,1740,1741,342],"class_list":{"0":"post-58854","1":"post","2":"type-post","3":"status-publish","4":"format-gallery","5":"has-post-thumbnail","6":"hentry","7":"category-deportes","8":"category-tomanota","9":"tag-adaptado","10":"tag-campeon","11":"tag-europa","12":"tag-golf","13":"tag-montejos","14":"tag-ricardo-alonso","16":"tag-valverde","17":"post_format-post-format-gallery"},"yoast_head":"<!-- This site is optimized with the Yoast SEO plugin v26.9 - https:\/\/yoast.com\/product\/yoast-seo-wordpress\/ -->\n<title>Homenaje a Ricardo \u00c1lvarez, Campe\u00f3n de Europa de Golf Adaptado - La Virgen del Camino (Le\u00f3n)<\/title>\n<meta name=\"robots\" content=\"index, follow, max-snippet:-1, max-image-preview:large, max-video-preview:-1\" \/>\n<link rel=\"canonical\" href=\"https:\/\/www.lavirgendelcamino.info\/wordpress\/homenaje-a-ricardo-alvarez-campeon-de-europa-de-golf-adaptado\/\" \/>\n<meta property=\"og:locale\" content=\"es_ES\" \/>\n<meta property=\"og:type\" content=\"article\" \/>\n<meta property=\"og:title\" content=\"Homenaje a Ricardo \u00c1lvarez, Campe\u00f3n de Europa de Golf Adaptado - La Virgen del Camino (Le\u00f3n)\" \/>\n<meta property=\"og:url\" content=\"https:\/\/www.lavirgendelcamino.info\/wordpress\/homenaje-a-ricardo-alvarez-campeon-de-europa-de-golf-adaptado\/\" \/>\n<meta property=\"og:site_name\" content=\"La Virgen del Camino (Le\u00f3n)\" \/>\n<meta property=\"article:publisher\" content=\"http:\/\/www.facebook.com\/ayuntamientovalverdedelavirgen\" \/>\n<meta property=\"article:author\" content=\"http:\/\/www.facebook.com\/victoralvarez7\" \/>\n<meta property=\"article:published_time\" content=\"2015-11-10T14:07:44+00:00\" \/>\n<meta property=\"article:modified_time\" content=\"2015-12-03T15:44:59+00:00\" \/>\n<meta property=\"og:image\" content=\"https:\/\/www.lavirgendelcamino.info\/wordpress\/wp-content\/uploads\/2015\/11\/Homenaje-Ricardo-Alvarez.jpg\" \/>\n\t<meta property=\"og:image:width\" content=\"800\" \/>\n\t<meta property=\"og:image:height\" content=\"533\" \/>\n\t<meta property=\"og:image:type\" content=\"image\/jpeg\" \/>\n<meta name=\"author\" content=\"V\u00edctor\" \/>\n<meta name=\"twitter:card\" content=\"summary_large_image\" \/>\n<meta name=\"twitter:creator\" content=\"@valverdevirgen\" \/>\n<meta name=\"twitter:site\" content=\"@valverdevirgen\" \/>\n<meta name=\"twitter:label1\" content=\"Escrito por\" \/>\n\t<meta name=\"twitter:data1\" content=\"V\u00edctor\" \/>\n\t<meta name=\"twitter:label2\" content=\"Tiempo de lectura\" \/>\n\t<meta name=\"twitter:data2\" content=\"1 minuto\" \/>\n<script type=\"application\/ld+json\" class=\"yoast-schema-graph\">{\"@context\":\"https:\/\/schema.org\",\"@graph\":[{\"@type\":\"Article\",\"@id\":\"https:\/\/www.lavirgendelcamino.info\/wordpress\/homenaje-a-ricardo-alvarez-campeon-de-europa-de-golf-adaptado\/#article\",\"isPartOf\":{\"@id\":\"https:\/\/www.lavirgendelcamino.info\/wordpress\/homenaje-a-ricardo-alvarez-campeon-de-europa-de-golf-adaptado\/\"},\"author\":{\"name\":\"V\u00edctor\",\"@id\":\"https:\/\/www.lavirgendelcamino.info\/wordpress\/#\/schema\/person\/1cd7bc190e45908cbf77185016bd56e6\"},\"headline\":\"Homenaje a Ricardo \u00c1lvarez, Campe\u00f3n de Europa de Golf Adaptado\",\"datePublished\":\"2015-11-10T14:07:44+00:00\",\"dateModified\":\"2015-12-03T15:44:59+00:00\",\"mainEntityOfPage\":{\"@id\":\"https:\/\/www.lavirgendelcamino.info\/wordpress\/homenaje-a-ricardo-alvarez-campeon-de-europa-de-golf-adaptado\/\"},\"wordCount\":173,\"publisher\":{\"@id\":\"https:\/\/www.lavirgendelcamino.info\/wordpress\/#organization\"},\"image\":{\"@id\":\"https:\/\/www.lavirgendelcamino.info\/wordpress\/homenaje-a-ricardo-alvarez-campeon-de-europa-de-golf-adaptado\/#primaryimage\"},\"thumbnailUrl\":\"https:\/\/www.lavirgendelcamino.info\/wordpress\/wp-content\/uploads\/2015\/11\/Homenaje-Ricardo-Alvarez.jpg\",\"keywords\":[\"Adaptado\",\"Campe\u00f3n\",\"Europa\",\"Golf\",\"Montejos\",\"Ricardo Alonso\",\"Selecci\u00f3n Espa\u00f1ola\",\"Valverde\"],\"articleSection\":[\"Deportes\",\"Toma nota\"],\"inLanguage\":\"es\"},{\"@type\":\"WebPage\",\"@id\":\"https:\/\/www.lavirgendelcamino.info\/wordpress\/homenaje-a-ricardo-alvarez-campeon-de-europa-de-golf-adaptado\/\",\"url\":\"https:\/\/www.lavirgendelcamino.info\/wordpress\/homenaje-a-ricardo-alvarez-campeon-de-europa-de-golf-adaptado\/\",\"name\":\"Homenaje a Ricardo \u00c1lvarez, Campe\u00f3n de Europa de Golf Adaptado - La Virgen del Camino (Le\u00f3n)\",\"isPartOf\":{\"@id\":\"https:\/\/www.lavirgendelcamino.info\/wordpress\/#website\"},\"primaryImageOfPage\":{\"@id\":\"https:\/\/www.lavirgendelcamino.info\/wordpress\/homenaje-a-ricardo-alvarez-campeon-de-europa-de-golf-adaptado\/#primaryimage\"},\"image\":{\"@id\":\"https:\/\/www.lavirgendelcamino.info\/wordpress\/homenaje-a-ricardo-alvarez-campeon-de-europa-de-golf-adaptado\/#primaryimage\"},\"thumbnailUrl\":\"https:\/\/www.lavirgendelcamino.info\/wordpress\/wp-content\/uploads\/2015\/11\/Homenaje-Ricardo-Alvarez.jpg\",\"datePublished\":\"2015-11-10T14:07:44+00:00\",\"dateModified\":\"2015-12-03T15:44:59+00:00\",\"breadcrumb\":{\"@id\":\"https:\/\/www.lavirgendelcamino.info\/wordpress\/homenaje-a-ricardo-alvarez-campeon-de-europa-de-golf-adaptado\/#breadcrumb\"},\"inLanguage\":\"es\",\"potentialAction\":[{\"@type\":\"ReadAction\",\"target\":[\"https:\/\/www.lavirgendelcamino.info\/wordpress\/homenaje-a-ricardo-alvarez-campeon-de-europa-de-golf-adaptado\/\"]}]},{\"@type\":\"ImageObject\",\"inLanguage\":\"es\",\"@id\":\"https:\/\/www.lavirgendelcamino.info\/wordpress\/homenaje-a-ricardo-alvarez-campeon-de-europa-de-golf-adaptado\/#primaryimage\",\"url\":\"https:\/\/www.lavirgendelcamino.info\/wordpress\/wp-content\/uploads\/2015\/11\/Homenaje-Ricardo-Alvarez.jpg\",\"contentUrl\":\"https:\/\/www.lavirgendelcamino.info\/wordpress\/wp-content\/uploads\/2015\/11\/Homenaje-Ricardo-Alvarez.jpg\",\"width\":800,\"height\":533},{\"@type\":\"BreadcrumbList\",\"@id\":\"https:\/\/www.lavirgendelcamino.info\/wordpress\/homenaje-a-ricardo-alvarez-campeon-de-europa-de-golf-adaptado\/#breadcrumb\",\"itemListElement\":[{\"@type\":\"ListItem\",\"position\":1,\"name\":\"Portada\",\"item\":\"https:\/\/www.lavirgendelcamino.info\/wordpress\/\"},{\"@type\":\"ListItem\",\"position\":2,\"name\":\"Homenaje a Ricardo \u00c1lvarez, Campe\u00f3n de Europa de Golf Adaptado\"}]},{\"@type\":\"WebSite\",\"@id\":\"https:\/\/www.lavirgendelcamino.info\/wordpress\/#website\",\"url\":\"https:\/\/www.lavirgendelcamino.info\/wordpress\/\",\"name\":\"La Virgen del Camino (Le\u00f3n)\",\"description\":\"Sitio Web Oficial\",\"publisher\":{\"@id\":\"https:\/\/www.lavirgendelcamino.info\/wordpress\/#organization\"},\"potentialAction\":[{\"@type\":\"SearchAction\",\"target\":{\"@type\":\"EntryPoint\",\"urlTemplate\":\"https:\/\/www.lavirgendelcamino.info\/wordpress\/?s={search_term_string}\"},\"query-input\":{\"@type\":\"PropertyValueSpecification\",\"valueRequired\":true,\"valueName\":\"search_term_string\"}}],\"inLanguage\":\"es\"},{\"@type\":\"Organization\",\"@id\":\"https:\/\/www.lavirgendelcamino.info\/wordpress\/#organization\",\"name\":\"Ayuntamiento de Valverde de la Virgen\",\"url\":\"https:\/\/www.lavirgendelcamino.info\/wordpress\/\",\"logo\":{\"@type\":\"ImageObject\",\"inLanguage\":\"es\",\"@id\":\"https:\/\/www.lavirgendelcamino.info\/wordpress\/#\/schema\/logo\/image\/\",\"url\":\"https:\/\/www.lavirgendelcamino.info\/wordpress\/wp-content\/uploads\/2015\/07\/aytovalverdevector.png\",\"contentUrl\":\"https:\/\/www.lavirgendelcamino.info\/wordpress\/wp-content\/uploads\/2015\/07\/aytovalverdevector.png\",\"width\":371,\"height\":429,\"caption\":\"Ayuntamiento de Valverde de la Virgen\"},\"image\":{\"@id\":\"https:\/\/www.lavirgendelcamino.info\/wordpress\/#\/schema\/logo\/image\/\"},\"sameAs\":[\"http:\/\/www.facebook.com\/ayuntamientovalverdedelavirgen\",\"https:\/\/x.com\/valverdevirgen\",\"http:\/\/www.instagram.com\/valverdevirgen\/\"]},{\"@type\":\"Person\",\"@id\":\"https:\/\/www.lavirgendelcamino.info\/wordpress\/#\/schema\/person\/1cd7bc190e45908cbf77185016bd56e6\",\"name\":\"V\u00edctor\",\"image\":{\"@type\":\"ImageObject\",\"inLanguage\":\"es\",\"@id\":\"https:\/\/www.lavirgendelcamino.info\/wordpress\/#\/schema\/person\/image\/\",\"url\":\"https:\/\/www.lavirgendelcamino.info\/wordpress\/wp-content\/uploads\/2023\/11\/346858673_790228009105456_5108495650941352509_n-150x150.jpg\",\"contentUrl\":\"https:\/\/www.lavirgendelcamino.info\/wordpress\/wp-content\/uploads\/2023\/11\/346858673_790228009105456_5108495650941352509_n-150x150.jpg\",\"caption\":\"V\u00edctor\"},\"sameAs\":[\"http:\/\/www.lavirgendelcamino.info\",\"http:\/\/www.facebook.com\/victoralvarez7\",\"http:\/\/instagram.com\/victoralfer\/\",\"https:\/\/x.com\/@valverdevirgen\",\"http:\/\/www.youtube.com\/user\/victoralfer\"],\"url\":\"https:\/\/www.lavirgendelcamino.info\/wordpress\/author\/victoralfer\/\"}]}<\/script>\n<!-- \/ Yoast SEO plugin. -->","yoast_head_json":{"title":"Homenaje a Ricardo \u00c1lvarez, Campe\u00f3n de Europa de Golf Adaptado - La Virgen del Camino (Le\u00f3n)","robots":{"index":"index","follow":"follow","max-snippet":"max-snippet:-1","max-image-preview":"max-image-preview:large","max-video-preview":"max-video-preview:-1"},"canonical":"https:\/\/www.lavirgendelcamino.info\/wordpress\/homenaje-a-ricardo-alvarez-campeon-de-europa-de-golf-adaptado\/","og_locale":"es_ES","og_type":"article","og_title":"Homenaje a Ricardo \u00c1lvarez, Campe\u00f3n de Europa de Golf Adaptado - La Virgen del Camino (Le\u00f3n)","og_url":"https:\/\/www.lavirgendelcamino.info\/wordpress\/homenaje-a-ricardo-alvarez-campeon-de-europa-de-golf-adaptado\/","og_site_name":"La Virgen del Camino (Le\u00f3n)","article_publisher":"http:\/\/www.facebook.com\/ayuntamientovalverdedelavirgen","article_author":"http:\/\/www.facebook.com\/victoralvarez7","article_published_time":"2015-11-10T14:07:44+00:00","article_modified_time":"2015-12-03T15:44:59+00:00","og_image":[{"width":800,"height":533,"url":"https:\/\/www.lavirgendelcamino.info\/wordpress\/wp-content\/uploads\/2015\/11\/Homenaje-Ricardo-Alvarez.jpg","type":"image\/jpeg"}],"author":"V\u00edctor","twitter_card":"summary_large_image","twitter_creator":"@valverdevirgen","twitter_site":"@valverdevirgen","twitter_misc":{"Escrito por":"V\u00edctor","Tiempo de lectura":"1 minuto"},"schema":{"@context":"https:\/\/schema.org","@graph":[{"@type":"Article","@id":"https:\/\/www.lavirgendelcamino.info\/wordpress\/homenaje-a-ricardo-alvarez-campeon-de-europa-de-golf-adaptado\/#article","isPartOf":{"@id":"https:\/\/www.lavirgendelcamino.info\/wordpress\/homenaje-a-ricardo-alvarez-campeon-de-europa-de-golf-adaptado\/"},"author":{"name":"V\u00edctor","@id":"https:\/\/www.lavirgendelcamino.info\/wordpress\/#\/schema\/person\/1cd7bc190e45908cbf77185016bd56e6"},"headline":"Homenaje a Ricardo \u00c1lvarez, Campe\u00f3n de Europa de Golf Adaptado","datePublished":"2015-11-10T14:07:44+00:00","dateModified":"2015-12-03T15:44:59+00:00","mainEntityOfPage":{"@id":"https:\/\/www.lavirgendelcamino.info\/wordpress\/homenaje-a-ricardo-alvarez-campeon-de-europa-de-golf-adaptado\/"},"wordCount":173,"publisher":{"@id":"https:\/\/www.lavirgendelcamino.info\/wordpress\/#organization"},"image":{"@id":"https:\/\/www.lavirgendelcamino.info\/wordpress\/homenaje-a-ricardo-alvarez-campeon-de-europa-de-golf-adaptado\/#primaryimage"},"thumbnailUrl":"https:\/\/www.lavirgendelcamino.info\/wordpress\/wp-content\/uploads\/2015\/11\/Homenaje-Ricardo-Alvarez.jpg","keywords":["Adaptado","Campe\u00f3n","Europa","Golf","Montejos","Ricardo Alonso","Selecci\u00f3n Espa\u00f1ola","Valverde"],"articleSection":["Deportes","Toma nota"],"inLanguage":"es"},{"@type":"WebPage","@id":"https:\/\/www.lavirgendelcamino.info\/wordpress\/homenaje-a-ricardo-alvarez-campeon-de-europa-de-golf-adaptado\/","url":"https:\/\/www.lavirgendelcamino.info\/wordpress\/homenaje-a-ricardo-alvarez-campeon-de-europa-de-golf-adaptado\/","name":"Homenaje a Ricardo \u00c1lvarez, Campe\u00f3n de Europa de Golf Adaptado - La Virgen del Camino (Le\u00f3n)","isPartOf":{"@id":"https:\/\/www.lavirgendelcamino.info\/wordpress\/#website"},"primaryImageOfPage":{"@id":"https:\/\/www.lavirgendelcamino.info\/wordpress\/homenaje-a-ricardo-alvarez-campeon-de-europa-de-golf-adaptado\/#primaryimage"},"image":{"@id":"https:\/\/www.lavirgendelcamino.info\/wordpress\/homenaje-a-ricardo-alvarez-campeon-de-europa-de-golf-adaptado\/#primaryimage"},"thumbnailUrl":"https:\/\/www.lavirgendelcamino.info\/wordpress\/wp-content\/uploads\/2015\/11\/Homenaje-Ricardo-Alvarez.jpg","datePublished":"2015-11-10T14:07:44+00:00","dateModified":"2015-12-03T15:44:59+00:00","breadcrumb":{"@id":"https:\/\/www.lavirgendelcamino.info\/wordpress\/homenaje-a-ricardo-alvarez-campeon-de-europa-de-golf-adaptado\/#breadcrumb"},"inLanguage":"es","potentialAction":[{"@type":"ReadAction","target":["https:\/\/www.lavirgendelcamino.info\/wordpress\/homenaje-a-ricardo-alvarez-campeon-de-europa-de-golf-adaptado\/"]}]},{"@type":"ImageObject","inLanguage":"es","@id":"https:\/\/www.lavirgendelcamino.info\/wordpress\/homenaje-a-ricardo-alvarez-campeon-de-europa-de-golf-adaptado\/#primaryimage","url":"https:\/\/www.lavirgendelcamino.info\/wordpress\/wp-content\/uploads\/2015\/11\/Homenaje-Ricardo-Alvarez.jpg","contentUrl":"https:\/\/www.lavirgendelcamino.info\/wordpress\/wp-content\/uploads\/2015\/11\/Homenaje-Ricardo-Alvarez.jpg","width":800,"height":533},{"@type":"BreadcrumbList","@id":"https:\/\/www.lavirgendelcamino.info\/wordpress\/homenaje-a-ricardo-alvarez-campeon-de-europa-de-golf-adaptado\/#breadcrumb","itemListElement":[{"@type":"ListItem","position":1,"name":"Portada","item":"https:\/\/www.lavirgendelcamino.info\/wordpress\/"},{"@type":"ListItem","position":2,"name":"Homenaje a Ricardo \u00c1lvarez, Campe\u00f3n de Europa de Golf Adaptado"}]},{"@type":"WebSite","@id":"https:\/\/www.lavirgendelcamino.info\/wordpress\/#website","url":"https:\/\/www.lavirgendelcamino.info\/wordpress\/","name":"La Virgen del Camino (Le\u00f3n)","description":"Sitio Web Oficial","publisher":{"@id":"https:\/\/www.lavirgendelcamino.info\/wordpress\/#organization"},"potentialAction":[{"@type":"SearchAction","target":{"@type":"EntryPoint","urlTemplate":"https:\/\/www.lavirgendelcamino.info\/wordpress\/?s={search_term_string}"},"query-input":{"@type":"PropertyValueSpecification","valueRequired":true,"valueName":"search_term_string"}}],"inLanguage":"es"},{"@type":"Organization","@id":"https:\/\/www.lavirgendelcamino.info\/wordpress\/#organization","name":"Ayuntamiento de Valverde de la Virgen","url":"https:\/\/www.lavirgendelcamino.info\/wordpress\/","logo":{"@type":"ImageObject","inLanguage":"es","@id":"https:\/\/www.lavirgendelcamino.info\/wordpress\/#\/schema\/logo\/image\/","url":"https:\/\/www.lavirgendelcamino.info\/wordpress\/wp-content\/uploads\/2015\/07\/aytovalverdevector.png","contentUrl":"https:\/\/www.lavirgendelcamino.info\/wordpress\/wp-content\/uploads\/2015\/07\/aytovalverdevector.png","width":371,"height":429,"caption":"Ayuntamiento de Valverde de la Virgen"},"image":{"@id":"https:\/\/www.lavirgendelcamino.info\/wordpress\/#\/schema\/logo\/image\/"},"sameAs":["http:\/\/www.facebook.com\/ayuntamientovalverdedelavirgen","https:\/\/x.com\/valverdevirgen","http:\/\/www.instagram.com\/valverdevirgen\/"]},{"@type":"Person","@id":"https:\/\/www.lavirgendelcamino.info\/wordpress\/#\/schema\/person\/1cd7bc190e45908cbf77185016bd56e6","name":"V\u00edctor","image":{"@type":"ImageObject","inLanguage":"es","@id":"https:\/\/www.lavirgendelcamino.info\/wordpress\/#\/schema\/person\/image\/","url":"https:\/\/www.lavirgendelcamino.info\/wordpress\/wp-content\/uploads\/2023\/11\/346858673_790228009105456_5108495650941352509_n-150x150.jpg","contentUrl":"https:\/\/www.lavirgendelcamino.info\/wordpress\/wp-content\/uploads\/2023\/11\/346858673_790228009105456_5108495650941352509_n-150x150.jpg","caption":"V\u00edctor"},"sameAs":["http:\/\/www.lavirgendelcamino.info","http:\/\/www.facebook.com\/victoralvarez7","http:\/\/instagram.com\/victoralfer\/","https:\/\/x.com\/@valverdevirgen","http:\/\/www.youtube.com\/user\/victoralfer"],"url":"https:\/\/www.lavirgendelcamino.info\/wordpress\/author\/victoralfer\/"}]}},"_links":{"self":[{"href":"https:\/\/www.lavirgendelcamino.info\/wordpress\/wp-json\/wp\/v2\/posts\/58854","targetHints":{"allow":["GET"]}}],"collection":[{"href":"https:\/\/www.lavirgendelcamino.info\/wordpress\/wp-json\/wp\/v2\/posts"}],"about":[{"href":"https:\/\/www.lavirgendelcamino.info\/wordpress\/wp-json\/wp\/v2\/types\/post"}],"author":[{"embeddable":true,"href":"https:\/\/www.lavirgendelcamino.info\/wordpress\/wp-json\/wp\/v2\/users\/1"}],"replies":[{"embeddable":true,"href":"https:\/\/www.lavirgendelcamino.info\/wordpress\/wp-json\/wp\/v2\/comments?post=58854"}],"version-history":[{"count":0,"href":"https:\/\/www.lavirgendelcamino.info\/wordpress\/wp-json\/wp\/v2\/posts\/58854\/revisions"}],"wp:featuredmedia":[{"embeddable":true,"href":"https:\/\/www.lavirgendelcamino.info\/wordpress\/wp-json\/wp\/v2\/media\/58856"}],"wp:attachment":[{"href":"https:\/\/www.lavirgendelcamino.info\/wordpress\/wp-json\/wp\/v2\/media?parent=58854"}],"wp:term":[{"taxonomy":"category","embeddable":true,"href":"https:\/\/www.lavirgendelcamino.info\/wordpress\/wp-json\/wp\/v2\/categories?post=58854"},{"taxonomy":"post_tag","embeddable":true,"href":"https:\/\/www.lavirgendelcamino.info\/wordpress\/wp-json\/wp\/v2\/tags?post=58854"}],"curies":[{"name":"wp","href":"https:\/\/api.w.org\/{rel}","templated":true}]}}