{"id":63768,"date":"2022-02-24T17:47:28","date_gmt":"2022-02-24T16:47:28","guid":{"rendered":"https:\/\/www.lavirgendelcamino.info\/wordpress\/?p=63768"},"modified":"2022-03-14T13:03:33","modified_gmt":"2022-03-14T12:03:33","slug":"espacio-joven-febrero-marzo-2022","status":"publish","type":"post","link":"https:\/\/www.lavirgendelcamino.info\/wordpress\/espacio-joven-febrero-marzo-2022\/","title":{"rendered":"Globoflexia, Caracterizaci\u00f3n, Magia y Cluedo en el Espacio Joven"},"content":{"rendered":"\n<p>El\u00a0<strong>Espacio Joven de La Virgen del Camino<\/strong>\u00a0continuar\u00e1 ofertando durante el mes de Marzo varios talleres gratuitos para j\u00f3venes de 12 a 22 a\u00f1os gracias al programa puesto en marcha por el \u00e1rea de juventud de la Diputaci\u00f3n de Le\u00f3n y el Ayuntamiento de Valverde de la Virgen.<\/p>\n\n\n\n<h4 class=\"wp-block-heading\"><strong>Talleres del mes de Marzo<\/strong><\/h4>\n\n\n\n<ul class=\"wp-block-list\"><li>El <strong>S\u00e1bado 26 de Febrero<\/strong> se realizar\u00e1 un <strong>Taller de Globoflexia y Caracterizaci\u00f3n<\/strong> <em>(Sal\u00f3n del Pueblo)<\/em><\/li><li>El <strong>S\u00e1bado 5 de Marzo<\/strong> los j\u00f3venes podr\u00e1n disfrutar de<strong>\u00a0un Taller de Magia<\/strong> <em>(Virgen de Loreto)<\/em><\/li><li>El <strong>S\u00e1bado 12 de Marzo<\/strong> la propuesta ser\u00e1 un <strong>Cluedo en Vivo<\/strong> <em>(Virgen de Loreto)<\/em><\/li><\/ul>\n\n\n\n<p>Todos estos talleres se llevar\u00e1n a cabo en el Local de Actividades de Virgen de Loreto los citados\u00a0<strong>s\u00e1bados en horario de 17:00 a 19:00 horas<\/strong>, salvo el 26 de Febrero que se har\u00e1 en el Sal\u00f3n del Pueblo.<\/p>\n\n\n\n<h3 class=\"wp-block-heading\"><strong>Inscripciones de los interesados<\/strong><\/h3>\n\n\n\n<p>Solo deber\u00e1n realizar la inscripci\u00f3n en el programa aquellos j\u00f3venes entre 12 y 22 a\u00f1os que no hayan participado en los talleres anteriores de los meses de Octubre y Noviembre.<\/p>\n\n\n\n<p>Las inscripciones gratuitas deber\u00e1n realizarse en la web de Juventud de la Diputaci\u00f3n de Le\u00f3n, lugar donde habr\u00e1 que&nbsp;<a href=\"https:\/\/www.juventudleon.com\/login\/\" target=\"_blank\" rel=\"noreferrer noopener\">registrarse como usuario para poder inscribirse<\/a>. Desde el Ayuntamiento de Valverde de la Virgen para facilitar las inscripciones en el caso de que alguna persona no pueda o no sepa realizarlas, os ofrecer\u00e1n la posibilidad de inscripci\u00f3n en la Oficina de Atenci\u00f3n al P\u00fablico de La Virgen del Camino de Lunes a Viernes de 08:15 a 14:45 horas y los Jueves de 16:30 a 19:00 horas.<\/p>\n\n\n\n<p>Como las edades de las personas participantes son de 12 a 22 a\u00f1os, en el caso de los menores de edad se tiene que dar de alta como usuario principal un adulto (padre, madre o tutor), a continuaci\u00f3n dar de alta al menor como usuario dependiente para poder realizar la inscripci\u00f3n gratuita en la actividad correspondiente. Los mayores de edad pueden darse de alta e inscribirse directamente.<\/p>\n\n\n\n<p>Al inscribirse tambi\u00e9n habr\u00e1 que indicar el ayuntamiento en el que se quiere participar.<\/p>\n\n\n\n<div class=\"wp-block-buttons is-content-justification-center is-layout-flex wp-container-core-buttons-is-layout-16018d1d wp-block-buttons-is-layout-flex\">\n<div class=\"wp-block-button\"><a class=\"wp-block-button__link\" href=\"https:\/\/juventudleon.com\/news\/view_actividad\/MTc2\" target=\"_blank\" rel=\"noreferrer noopener\">PINCHA AQU\u00cd PARA INSCRIBIRTE EN EL ESPACIO JOVEN<\/a><\/div>\n<\/div>\n\n\n\n<hr class=\"wp-block-separator\"\/>\n\n\n\n<figure class=\"wp-block-image size-large\"><a href=\"https:\/\/www.lavirgendelcamino.info\/wordpress\/wp-content\/uploads\/2022\/02\/ESPACIO-JOVEN_LA-VIRGEN-FEBRERO-MARZO.jpg\"><img loading=\"lazy\" decoding=\"async\" width=\"1024\" height=\"724\" src=\"https:\/\/www.lavirgendelcamino.info\/wordpress\/wp-content\/uploads\/2022\/02\/ESPACIO-JOVEN_LA-VIRGEN-FEBRERO-MARZO-1024x724.jpg\" alt=\"\" class=\"wp-image-63769\" srcset=\"https:\/\/www.lavirgendelcamino.info\/wordpress\/wp-content\/uploads\/2022\/02\/ESPACIO-JOVEN_LA-VIRGEN-FEBRERO-MARZO-1024x724.jpg 1024w, https:\/\/www.lavirgendelcamino.info\/wordpress\/wp-content\/uploads\/2022\/02\/ESPACIO-JOVEN_LA-VIRGEN-FEBRERO-MARZO-300x212.jpg 300w, https:\/\/www.lavirgendelcamino.info\/wordpress\/wp-content\/uploads\/2022\/02\/ESPACIO-JOVEN_LA-VIRGEN-FEBRERO-MARZO-768x543.jpg 768w, https:\/\/www.lavirgendelcamino.info\/wordpress\/wp-content\/uploads\/2022\/02\/ESPACIO-JOVEN_LA-VIRGEN-FEBRERO-MARZO-150x106.jpg 150w, https:\/\/www.lavirgendelcamino.info\/wordpress\/wp-content\/uploads\/2022\/02\/ESPACIO-JOVEN_LA-VIRGEN-FEBRERO-MARZO-696x492.jpg 696w, https:\/\/www.lavirgendelcamino.info\/wordpress\/wp-content\/uploads\/2022\/02\/ESPACIO-JOVEN_LA-VIRGEN-FEBRERO-MARZO-1068x755.jpg 1068w, https:\/\/www.lavirgendelcamino.info\/wordpress\/wp-content\/uploads\/2022\/02\/ESPACIO-JOVEN_LA-VIRGEN-FEBRERO-MARZO-594x420.jpg 594w, https:\/\/www.lavirgendelcamino.info\/wordpress\/wp-content\/uploads\/2022\/02\/ESPACIO-JOVEN_LA-VIRGEN-FEBRERO-MARZO-100x70.jpg 100w, https:\/\/www.lavirgendelcamino.info\/wordpress\/wp-content\/uploads\/2022\/02\/ESPACIO-JOVEN_LA-VIRGEN-FEBRERO-MARZO.jpg 1200w\" sizes=\"auto, (max-width: 1024px) 100vw, 1024px\" \/><\/a><\/figure>\n\n\n\n<h3 class=\"wp-block-heading\"><strong>Una reivindicaci\u00f3n para acercar el ocio alternativo a los peque\u00f1os y medianos municipios de la provincia<\/strong><\/h3>\n\n\n\n<p>Tras varios a\u00f1os realizando la propuesta de una&nbsp;<strong>red de Espacios J\u00f3venes<\/strong>&nbsp;por toda la provincia de Le\u00f3n, la&nbsp;<strong>Concejal\u00eda de Juventud y Deportes de Valverde de la Virgen ha conseguido que la Diputaci\u00f3n de Le\u00f3n ponga en marcha este proyecto<\/strong>&nbsp;que contar\u00e1 con un total de catorce sedes, ofreciendo actividades todos los fines de semana para&nbsp;<strong>j\u00f3venes de 12 a 22 a\u00f1os<\/strong>.<\/p>\n\n\n\n<h3 class=\"wp-block-heading\"><strong>Objetivos del Programa Dipuleon_EspacioJoven_2021<\/strong><\/h3>\n\n\n\n<p>El&nbsp;<strong>objetivo&nbsp;<\/strong>de estas actuaciones es reforzar las actividades y juegos grupales en el medio rural, favoreciendo el desarrollo personal y la identidad de los j\u00f3venes con el grupo y el arraigo en el territorio, teniendo en cuenta una metodolog\u00eda flexible, que permita la adaptaci\u00f3n del programa de actividades y talleres a las particularidades de cada municipio participante.<\/p>\n\n\n\n<p>Asimismo, se pretende&nbsp;<strong>la creaci\u00f3n y mantenimiento de un espacio joven&nbsp;<\/strong>en cada uno de los Ayuntamientos participantes, formal o informal, que permita a los j\u00f3venes del municipio tener un lugar de encuentro y socializaci\u00f3n, con actividades estables realizadas semanalmente, pero que tambi\u00e9n permita la improvisaci\u00f3n y la iniciativa de los propios j\u00f3venes; por ello, cobra especial relevancia la&nbsp;<strong>programaci\u00f3n continua de actividades<\/strong>, pero que puedan modificarse, dentro los cuatro bloques tem\u00e1ticos establecidos, para poder adaptarse tambi\u00e9n a las particularidades de los diversos municipios.<\/p>\n\n\n\n<p>Los&nbsp;<strong>destinatarios&nbsp;<\/strong>ser\u00e1n los j\u00f3venes&nbsp;<strong>preferentemente de 12 a 22 a\u00f1os<\/strong>, residentes en el entorno de los Ayuntamientos seleccionados y podr\u00e1n&nbsp;<strong>participar gratuitamente&nbsp;<\/strong>en las actividades una vez&nbsp;<strong>est\u00e9n registrados en la web&nbsp;<\/strong>del Servicio de Juventud en el&nbsp;<a href=\"https:\/\/www.juventudleon.com\/login\/\" target=\"_blank\" rel=\"noreferrer noopener\">\u00e1rea de usuario<\/a>.<\/p>\n\n\n\n<p>El&nbsp;<strong>programa dipuleon_espaciojoven&nbsp;<\/strong>incluye 4 grandes bloques tem\u00e1ticos de actividades, m\u00e1s un apartado de animaciones juveniles que se realizar\u00e1n puntualmente (art\u00edsticas, culturales, cient\u00edficas\u2026):<\/p>\n\n\n\n<ul class=\"wp-block-list\"><li>Aventura y aire libre.<\/li><li>Tecnolog\u00eda, drones, rob\u00f3tica y Tics.<\/li><li>Juegos grupales, escape room, juegos alternativos\u2026<\/li><li>Arte y creatividad.<\/li><\/ul>\n","protected":false},"excerpt":{"rendered":"<p>El\u00a0Espacio Joven de La Virgen del Camino\u00a0continuar\u00e1 ofertando durante el mes de Marzo varios talleres gratuitos para j\u00f3venes de 12 a 22 a\u00f1os gracias al programa puesto en marcha por el \u00e1rea de juventud de la Diputaci\u00f3n de Le\u00f3n y el Ayuntamiento de Valverde de la Virgen. Talleres del mes de Marzo El S\u00e1bado 26 [&hellip;]<\/p>\n","protected":false},"author":1,"featured_media":63769,"comment_status":"closed","ping_status":"closed","sticky":false,"template":"","format":"gallery","meta":{"footnotes":""},"categories":[9746,14,1359],"tags":[9749,9748,9678,1840,9750,281,799,194,154],"class_list":["post-63768","post","type-post","status-publish","format-gallery","has-post-thumbnail","hentry","category-espacio-joven","category-juventud","category-tepudointeresar","tag-caracterizacion","tag-cluedo","tag-espacio-joven","tag-globoflexia","tag-la-virgen-de-camino","tag-leon","tag-magia","tag-salon-del-pueblo","tag-virgen-de-loreto","post_format-post-format-gallery"],"yoast_head":"<!-- This site is optimized with the Yoast SEO plugin v26.9 - https:\/\/yoast.com\/product\/yoast-seo-wordpress\/ -->\n<title>Globoflexia, Caracterizaci\u00f3n, Magia y Cluedo en el Espacio Joven<\/title>\n<meta name=\"description\" content=\"El\u00a0Espacio Joven de La Virgen del Camino\u00a0continuar\u00e1 ofertando durante el mes de Marzo varios talleres gratuitos para j\u00f3venes de 12 a 22 a\u00f1os.\" \/>\n<meta name=\"robots\" content=\"index, follow, max-snippet:-1, max-image-preview:large, max-video-preview:-1\" \/>\n<link rel=\"canonical\" href=\"https:\/\/www.lavirgendelcamino.info\/wordpress\/espacio-joven-febrero-marzo-2022\/\" \/>\n<meta property=\"og:locale\" content=\"es_ES\" \/>\n<meta property=\"og:type\" content=\"article\" \/>\n<meta property=\"og:title\" content=\"Globoflexia, Caracterizaci\u00f3n, Magia y Cluedo en el Espacio Joven\" \/>\n<meta property=\"og:description\" content=\"El\u00a0Espacio Joven de La Virgen del Camino\u00a0continuar\u00e1 ofertando durante el mes de Marzo varios talleres gratuitos para j\u00f3venes de 12 a 22 a\u00f1os.\" \/>\n<meta property=\"og:url\" content=\"https:\/\/www.lavirgendelcamino.info\/wordpress\/espacio-joven-febrero-marzo-2022\/\" \/>\n<meta property=\"og:site_name\" content=\"La Virgen del Camino (Le\u00f3n)\" \/>\n<meta property=\"article:publisher\" content=\"http:\/\/www.facebook.com\/ayuntamientovalverdedelavirgen\" \/>\n<meta property=\"article:author\" content=\"http:\/\/www.facebook.com\/victoralvarez7\" \/>\n<meta property=\"article:published_time\" content=\"2022-02-24T16:47:28+00:00\" \/>\n<meta property=\"article:modified_time\" content=\"2022-03-14T12:03:33+00:00\" \/>\n<meta property=\"og:image\" content=\"https:\/\/www.lavirgendelcamino.info\/wordpress\/wp-content\/uploads\/2022\/02\/ESPACIO-JOVEN_LA-VIRGEN-FEBRERO-MARZO.jpg\" \/>\n\t<meta property=\"og:image:width\" content=\"1200\" \/>\n\t<meta property=\"og:image:height\" content=\"848\" \/>\n\t<meta property=\"og:image:type\" content=\"image\/jpeg\" \/>\n<meta name=\"author\" content=\"V\u00edctor\" \/>\n<meta name=\"twitter:card\" content=\"summary_large_image\" \/>\n<meta name=\"twitter:title\" content=\"Globoflexia, Caracterizaci\u00f3n, Magia y Cluedo en el Espacio Joven\" \/>\n<meta name=\"twitter:description\" content=\"El\u00a0Espacio Joven de La Virgen del Camino\u00a0continuar\u00e1 ofertando durante el mes de Marzo varios talleres gratuitos para j\u00f3venes de 12 a 22 a\u00f1os.\" \/>\n<meta name=\"twitter:image\" content=\"https:\/\/www.lavirgendelcamino.info\/wordpress\/wp-content\/uploads\/2022\/02\/ESPACIO-JOVEN_LA-VIRGEN-FEBRERO-MARZO.jpg\" \/>\n<meta name=\"twitter:creator\" content=\"@valverdevirgen\" \/>\n<meta name=\"twitter:site\" content=\"@valverdevirgen\" \/>\n<meta name=\"twitter:label1\" content=\"Escrito por\" \/>\n\t<meta name=\"twitter:data1\" content=\"V\u00edctor\" \/>\n\t<meta name=\"twitter:label2\" content=\"Tiempo de lectura\" \/>\n\t<meta name=\"twitter:data2\" content=\"4 minutos\" \/>\n<script type=\"application\/ld+json\" class=\"yoast-schema-graph\">{\"@context\":\"https:\/\/schema.org\",\"@graph\":[{\"@type\":\"Article\",\"@id\":\"https:\/\/www.lavirgendelcamino.info\/wordpress\/espacio-joven-febrero-marzo-2022\/#article\",\"isPartOf\":{\"@id\":\"https:\/\/www.lavirgendelcamino.info\/wordpress\/espacio-joven-febrero-marzo-2022\/\"},\"author\":{\"name\":\"V\u00edctor\",\"@id\":\"https:\/\/www.lavirgendelcamino.info\/wordpress\/#\/schema\/person\/1cd7bc190e45908cbf77185016bd56e6\"},\"headline\":\"Globoflexia, Caracterizaci\u00f3n, Magia y Cluedo en el Espacio Joven\",\"datePublished\":\"2022-02-24T16:47:28+00:00\",\"dateModified\":\"2022-03-14T12:03:33+00:00\",\"mainEntityOfPage\":{\"@id\":\"https:\/\/www.lavirgendelcamino.info\/wordpress\/espacio-joven-febrero-marzo-2022\/\"},\"wordCount\":732,\"publisher\":{\"@id\":\"https:\/\/www.lavirgendelcamino.info\/wordpress\/#organization\"},\"image\":{\"@id\":\"https:\/\/www.lavirgendelcamino.info\/wordpress\/espacio-joven-febrero-marzo-2022\/#primaryimage\"},\"thumbnailUrl\":\"https:\/\/www.lavirgendelcamino.info\/wordpress\/wp-content\/uploads\/2022\/02\/ESPACIO-JOVEN_LA-VIRGEN-FEBRERO-MARZO.jpg\",\"keywords\":[\"Caracterizaci\u00f3n\",\"Cluedo\",\"Espacio Joven\",\"Globoflexia\",\"La Virgen de Camino\",\"leon\",\"Magia\",\"Sal\u00f3n del Pueblo\",\"Virgen de Loreto\"],\"articleSection\":[\"Espacio Joven\",\"Juventud\",\"Te pudo Interesar\"],\"inLanguage\":\"es\"},{\"@type\":\"WebPage\",\"@id\":\"https:\/\/www.lavirgendelcamino.info\/wordpress\/espacio-joven-febrero-marzo-2022\/\",\"url\":\"https:\/\/www.lavirgendelcamino.info\/wordpress\/espacio-joven-febrero-marzo-2022\/\",\"name\":\"Globoflexia, Caracterizaci\u00f3n, Magia y Cluedo en el Espacio Joven\",\"isPartOf\":{\"@id\":\"https:\/\/www.lavirgendelcamino.info\/wordpress\/#website\"},\"primaryImageOfPage\":{\"@id\":\"https:\/\/www.lavirgendelcamino.info\/wordpress\/espacio-joven-febrero-marzo-2022\/#primaryimage\"},\"image\":{\"@id\":\"https:\/\/www.lavirgendelcamino.info\/wordpress\/espacio-joven-febrero-marzo-2022\/#primaryimage\"},\"thumbnailUrl\":\"https:\/\/www.lavirgendelcamino.info\/wordpress\/wp-content\/uploads\/2022\/02\/ESPACIO-JOVEN_LA-VIRGEN-FEBRERO-MARZO.jpg\",\"datePublished\":\"2022-02-24T16:47:28+00:00\",\"dateModified\":\"2022-03-14T12:03:33+00:00\",\"description\":\"El\u00a0Espacio Joven de La Virgen del Camino\u00a0continuar\u00e1 ofertando durante el mes de Marzo varios talleres gratuitos para j\u00f3venes de 12 a 22 a\u00f1os.\",\"breadcrumb\":{\"@id\":\"https:\/\/www.lavirgendelcamino.info\/wordpress\/espacio-joven-febrero-marzo-2022\/#breadcrumb\"},\"inLanguage\":\"es\",\"potentialAction\":[{\"@type\":\"ReadAction\",\"target\":[\"https:\/\/www.lavirgendelcamino.info\/wordpress\/espacio-joven-febrero-marzo-2022\/\"]}]},{\"@type\":\"ImageObject\",\"inLanguage\":\"es\",\"@id\":\"https:\/\/www.lavirgendelcamino.info\/wordpress\/espacio-joven-febrero-marzo-2022\/#primaryimage\",\"url\":\"https:\/\/www.lavirgendelcamino.info\/wordpress\/wp-content\/uploads\/2022\/02\/ESPACIO-JOVEN_LA-VIRGEN-FEBRERO-MARZO.jpg\",\"contentUrl\":\"https:\/\/www.lavirgendelcamino.info\/wordpress\/wp-content\/uploads\/2022\/02\/ESPACIO-JOVEN_LA-VIRGEN-FEBRERO-MARZO.jpg\",\"width\":1200,\"height\":848},{\"@type\":\"BreadcrumbList\",\"@id\":\"https:\/\/www.lavirgendelcamino.info\/wordpress\/espacio-joven-febrero-marzo-2022\/#breadcrumb\",\"itemListElement\":[{\"@type\":\"ListItem\",\"position\":1,\"name\":\"Portada\",\"item\":\"https:\/\/www.lavirgendelcamino.info\/wordpress\/\"},{\"@type\":\"ListItem\",\"position\":2,\"name\":\"Globoflexia, Caracterizaci\u00f3n, Magia y Cluedo en el Espacio Joven\"}]},{\"@type\":\"WebSite\",\"@id\":\"https:\/\/www.lavirgendelcamino.info\/wordpress\/#website\",\"url\":\"https:\/\/www.lavirgendelcamino.info\/wordpress\/\",\"name\":\"La Virgen del Camino (Le\u00f3n)\",\"description\":\"Sitio Web Oficial\",\"publisher\":{\"@id\":\"https:\/\/www.lavirgendelcamino.info\/wordpress\/#organization\"},\"potentialAction\":[{\"@type\":\"SearchAction\",\"target\":{\"@type\":\"EntryPoint\",\"urlTemplate\":\"https:\/\/www.lavirgendelcamino.info\/wordpress\/?s={search_term_string}\"},\"query-input\":{\"@type\":\"PropertyValueSpecification\",\"valueRequired\":true,\"valueName\":\"search_term_string\"}}],\"inLanguage\":\"es\"},{\"@type\":\"Organization\",\"@id\":\"https:\/\/www.lavirgendelcamino.info\/wordpress\/#organization\",\"name\":\"Ayuntamiento de Valverde de la Virgen\",\"url\":\"https:\/\/www.lavirgendelcamino.info\/wordpress\/\",\"logo\":{\"@type\":\"ImageObject\",\"inLanguage\":\"es\",\"@id\":\"https:\/\/www.lavirgendelcamino.info\/wordpress\/#\/schema\/logo\/image\/\",\"url\":\"https:\/\/www.lavirgendelcamino.info\/wordpress\/wp-content\/uploads\/2015\/07\/aytovalverdevector.png\",\"contentUrl\":\"https:\/\/www.lavirgendelcamino.info\/wordpress\/wp-content\/uploads\/2015\/07\/aytovalverdevector.png\",\"width\":371,\"height\":429,\"caption\":\"Ayuntamiento de Valverde de la Virgen\"},\"image\":{\"@id\":\"https:\/\/www.lavirgendelcamino.info\/wordpress\/#\/schema\/logo\/image\/\"},\"sameAs\":[\"http:\/\/www.facebook.com\/ayuntamientovalverdedelavirgen\",\"https:\/\/x.com\/valverdevirgen\",\"http:\/\/www.instagram.com\/valverdevirgen\/\"]},{\"@type\":\"Person\",\"@id\":\"https:\/\/www.lavirgendelcamino.info\/wordpress\/#\/schema\/person\/1cd7bc190e45908cbf77185016bd56e6\",\"name\":\"V\u00edctor\",\"image\":{\"@type\":\"ImageObject\",\"inLanguage\":\"es\",\"@id\":\"https:\/\/www.lavirgendelcamino.info\/wordpress\/#\/schema\/person\/image\/\",\"url\":\"https:\/\/www.lavirgendelcamino.info\/wordpress\/wp-content\/uploads\/2023\/11\/346858673_790228009105456_5108495650941352509_n-150x150.jpg\",\"contentUrl\":\"https:\/\/www.lavirgendelcamino.info\/wordpress\/wp-content\/uploads\/2023\/11\/346858673_790228009105456_5108495650941352509_n-150x150.jpg\",\"caption\":\"V\u00edctor\"},\"sameAs\":[\"http:\/\/www.lavirgendelcamino.info\",\"http:\/\/www.facebook.com\/victoralvarez7\",\"http:\/\/instagram.com\/victoralfer\/\",\"https:\/\/x.com\/@valverdevirgen\",\"http:\/\/www.youtube.com\/user\/victoralfer\"],\"url\":\"https:\/\/www.lavirgendelcamino.info\/wordpress\/author\/victoralfer\/\"}]}<\/script>\n<!-- \/ Yoast SEO plugin. -->","yoast_head_json":{"title":"Globoflexia, Caracterizaci\u00f3n, Magia y Cluedo en el Espacio Joven","description":"El\u00a0Espacio Joven de La Virgen del Camino\u00a0continuar\u00e1 ofertando durante el mes de Marzo varios talleres gratuitos para j\u00f3venes de 12 a 22 a\u00f1os.","robots":{"index":"index","follow":"follow","max-snippet":"max-snippet:-1","max-image-preview":"max-image-preview:large","max-video-preview":"max-video-preview:-1"},"canonical":"https:\/\/www.lavirgendelcamino.info\/wordpress\/espacio-joven-febrero-marzo-2022\/","og_locale":"es_ES","og_type":"article","og_title":"Globoflexia, Caracterizaci\u00f3n, Magia y Cluedo en el Espacio Joven","og_description":"El\u00a0Espacio Joven de La Virgen del Camino\u00a0continuar\u00e1 ofertando durante el mes de Marzo varios talleres gratuitos para j\u00f3venes de 12 a 22 a\u00f1os.","og_url":"https:\/\/www.lavirgendelcamino.info\/wordpress\/espacio-joven-febrero-marzo-2022\/","og_site_name":"La Virgen del Camino (Le\u00f3n)","article_publisher":"http:\/\/www.facebook.com\/ayuntamientovalverdedelavirgen","article_author":"http:\/\/www.facebook.com\/victoralvarez7","article_published_time":"2022-02-24T16:47:28+00:00","article_modified_time":"2022-03-14T12:03:33+00:00","og_image":[{"width":1200,"height":848,"url":"https:\/\/www.lavirgendelcamino.info\/wordpress\/wp-content\/uploads\/2022\/02\/ESPACIO-JOVEN_LA-VIRGEN-FEBRERO-MARZO.jpg","type":"image\/jpeg"}],"author":"V\u00edctor","twitter_card":"summary_large_image","twitter_title":"Globoflexia, Caracterizaci\u00f3n, Magia y Cluedo en el Espacio Joven","twitter_description":"El\u00a0Espacio Joven de La Virgen del Camino\u00a0continuar\u00e1 ofertando durante el mes de Marzo varios talleres gratuitos para j\u00f3venes de 12 a 22 a\u00f1os.","twitter_image":"https:\/\/www.lavirgendelcamino.info\/wordpress\/wp-content\/uploads\/2022\/02\/ESPACIO-JOVEN_LA-VIRGEN-FEBRERO-MARZO.jpg","twitter_creator":"@valverdevirgen","twitter_site":"@valverdevirgen","twitter_misc":{"Escrito por":"V\u00edctor","Tiempo de lectura":"4 minutos"},"schema":{"@context":"https:\/\/schema.org","@graph":[{"@type":"Article","@id":"https:\/\/www.lavirgendelcamino.info\/wordpress\/espacio-joven-febrero-marzo-2022\/#article","isPartOf":{"@id":"https:\/\/www.lavirgendelcamino.info\/wordpress\/espacio-joven-febrero-marzo-2022\/"},"author":{"name":"V\u00edctor","@id":"https:\/\/www.lavirgendelcamino.info\/wordpress\/#\/schema\/person\/1cd7bc190e45908cbf77185016bd56e6"},"headline":"Globoflexia, Caracterizaci\u00f3n, Magia y Cluedo en el Espacio Joven","datePublished":"2022-02-24T16:47:28+00:00","dateModified":"2022-03-14T12:03:33+00:00","mainEntityOfPage":{"@id":"https:\/\/www.lavirgendelcamino.info\/wordpress\/espacio-joven-febrero-marzo-2022\/"},"wordCount":732,"publisher":{"@id":"https:\/\/www.lavirgendelcamino.info\/wordpress\/#organization"},"image":{"@id":"https:\/\/www.lavirgendelcamino.info\/wordpress\/espacio-joven-febrero-marzo-2022\/#primaryimage"},"thumbnailUrl":"https:\/\/www.lavirgendelcamino.info\/wordpress\/wp-content\/uploads\/2022\/02\/ESPACIO-JOVEN_LA-VIRGEN-FEBRERO-MARZO.jpg","keywords":["Caracterizaci\u00f3n","Cluedo","Espacio Joven","Globoflexia","La Virgen de Camino","leon","Magia","Sal\u00f3n del Pueblo","Virgen de Loreto"],"articleSection":["Espacio Joven","Juventud","Te pudo Interesar"],"inLanguage":"es"},{"@type":"WebPage","@id":"https:\/\/www.lavirgendelcamino.info\/wordpress\/espacio-joven-febrero-marzo-2022\/","url":"https:\/\/www.lavirgendelcamino.info\/wordpress\/espacio-joven-febrero-marzo-2022\/","name":"Globoflexia, Caracterizaci\u00f3n, Magia y Cluedo en el Espacio Joven","isPartOf":{"@id":"https:\/\/www.lavirgendelcamino.info\/wordpress\/#website"},"primaryImageOfPage":{"@id":"https:\/\/www.lavirgendelcamino.info\/wordpress\/espacio-joven-febrero-marzo-2022\/#primaryimage"},"image":{"@id":"https:\/\/www.lavirgendelcamino.info\/wordpress\/espacio-joven-febrero-marzo-2022\/#primaryimage"},"thumbnailUrl":"https:\/\/www.lavirgendelcamino.info\/wordpress\/wp-content\/uploads\/2022\/02\/ESPACIO-JOVEN_LA-VIRGEN-FEBRERO-MARZO.jpg","datePublished":"2022-02-24T16:47:28+00:00","dateModified":"2022-03-14T12:03:33+00:00","description":"El\u00a0Espacio Joven de La Virgen del Camino\u00a0continuar\u00e1 ofertando durante el mes de Marzo varios talleres gratuitos para j\u00f3venes de 12 a 22 a\u00f1os.","breadcrumb":{"@id":"https:\/\/www.lavirgendelcamino.info\/wordpress\/espacio-joven-febrero-marzo-2022\/#breadcrumb"},"inLanguage":"es","potentialAction":[{"@type":"ReadAction","target":["https:\/\/www.lavirgendelcamino.info\/wordpress\/espacio-joven-febrero-marzo-2022\/"]}]},{"@type":"ImageObject","inLanguage":"es","@id":"https:\/\/www.lavirgendelcamino.info\/wordpress\/espacio-joven-febrero-marzo-2022\/#primaryimage","url":"https:\/\/www.lavirgendelcamino.info\/wordpress\/wp-content\/uploads\/2022\/02\/ESPACIO-JOVEN_LA-VIRGEN-FEBRERO-MARZO.jpg","contentUrl":"https:\/\/www.lavirgendelcamino.info\/wordpress\/wp-content\/uploads\/2022\/02\/ESPACIO-JOVEN_LA-VIRGEN-FEBRERO-MARZO.jpg","width":1200,"height":848},{"@type":"BreadcrumbList","@id":"https:\/\/www.lavirgendelcamino.info\/wordpress\/espacio-joven-febrero-marzo-2022\/#breadcrumb","itemListElement":[{"@type":"ListItem","position":1,"name":"Portada","item":"https:\/\/www.lavirgendelcamino.info\/wordpress\/"},{"@type":"ListItem","position":2,"name":"Globoflexia, Caracterizaci\u00f3n, Magia y Cluedo en el Espacio Joven"}]},{"@type":"WebSite","@id":"https:\/\/www.lavirgendelcamino.info\/wordpress\/#website","url":"https:\/\/www.lavirgendelcamino.info\/wordpress\/","name":"La Virgen del Camino (Le\u00f3n)","description":"Sitio Web Oficial","publisher":{"@id":"https:\/\/www.lavirgendelcamino.info\/wordpress\/#organization"},"potentialAction":[{"@type":"SearchAction","target":{"@type":"EntryPoint","urlTemplate":"https:\/\/www.lavirgendelcamino.info\/wordpress\/?s={search_term_string}"},"query-input":{"@type":"PropertyValueSpecification","valueRequired":true,"valueName":"search_term_string"}}],"inLanguage":"es"},{"@type":"Organization","@id":"https:\/\/www.lavirgendelcamino.info\/wordpress\/#organization","name":"Ayuntamiento de Valverde de la Virgen","url":"https:\/\/www.lavirgendelcamino.info\/wordpress\/","logo":{"@type":"ImageObject","inLanguage":"es","@id":"https:\/\/www.lavirgendelcamino.info\/wordpress\/#\/schema\/logo\/image\/","url":"https:\/\/www.lavirgendelcamino.info\/wordpress\/wp-content\/uploads\/2015\/07\/aytovalverdevector.png","contentUrl":"https:\/\/www.lavirgendelcamino.info\/wordpress\/wp-content\/uploads\/2015\/07\/aytovalverdevector.png","width":371,"height":429,"caption":"Ayuntamiento de Valverde de la Virgen"},"image":{"@id":"https:\/\/www.lavirgendelcamino.info\/wordpress\/#\/schema\/logo\/image\/"},"sameAs":["http:\/\/www.facebook.com\/ayuntamientovalverdedelavirgen","https:\/\/x.com\/valverdevirgen","http:\/\/www.instagram.com\/valverdevirgen\/"]},{"@type":"Person","@id":"https:\/\/www.lavirgendelcamino.info\/wordpress\/#\/schema\/person\/1cd7bc190e45908cbf77185016bd56e6","name":"V\u00edctor","image":{"@type":"ImageObject","inLanguage":"es","@id":"https:\/\/www.lavirgendelcamino.info\/wordpress\/#\/schema\/person\/image\/","url":"https:\/\/www.lavirgendelcamino.info\/wordpress\/wp-content\/uploads\/2023\/11\/346858673_790228009105456_5108495650941352509_n-150x150.jpg","contentUrl":"https:\/\/www.lavirgendelcamino.info\/wordpress\/wp-content\/uploads\/2023\/11\/346858673_790228009105456_5108495650941352509_n-150x150.jpg","caption":"V\u00edctor"},"sameAs":["http:\/\/www.lavirgendelcamino.info","http:\/\/www.facebook.com\/victoralvarez7","http:\/\/instagram.com\/victoralfer\/","https:\/\/x.com\/@valverdevirgen","http:\/\/www.youtube.com\/user\/victoralfer"],"url":"https:\/\/www.lavirgendelcamino.info\/wordpress\/author\/victoralfer\/"}]}},"_links":{"self":[{"href":"https:\/\/www.lavirgendelcamino.info\/wordpress\/wp-json\/wp\/v2\/posts\/63768","targetHints":{"allow":["GET"]}}],"collection":[{"href":"https:\/\/www.lavirgendelcamino.info\/wordpress\/wp-json\/wp\/v2\/posts"}],"about":[{"href":"https:\/\/www.lavirgendelcamino.info\/wordpress\/wp-json\/wp\/v2\/types\/post"}],"author":[{"embeddable":true,"href":"https:\/\/www.lavirgendelcamino.info\/wordpress\/wp-json\/wp\/v2\/users\/1"}],"replies":[{"embeddable":true,"href":"https:\/\/www.lavirgendelcamino.info\/wordpress\/wp-json\/wp\/v2\/comments?post=63768"}],"version-history":[{"count":0,"href":"https:\/\/www.lavirgendelcamino.info\/wordpress\/wp-json\/wp\/v2\/posts\/63768\/revisions"}],"wp:featuredmedia":[{"embeddable":true,"href":"https:\/\/www.lavirgendelcamino.info\/wordpress\/wp-json\/wp\/v2\/media\/63769"}],"wp:attachment":[{"href":"https:\/\/www.lavirgendelcamino.info\/wordpress\/wp-json\/wp\/v2\/media?parent=63768"}],"wp:term":[{"taxonomy":"category","embeddable":true,"href":"https:\/\/www.lavirgendelcamino.info\/wordpress\/wp-json\/wp\/v2\/categories?post=63768"},{"taxonomy":"post_tag","embeddable":true,"href":"https:\/\/www.lavirgendelcamino.info\/wordpress\/wp-json\/wp\/v2\/tags?post=63768"}],"curies":[{"name":"wp","href":"https:\/\/api.w.org\/{rel}","templated":true}]}}