{"id":64018,"date":"2022-05-16T19:57:11","date_gmt":"2022-05-16T18:57:11","guid":{"rendered":"https:\/\/www.lavirgendelcamino.info\/wordpress\/?p=64018"},"modified":"2022-06-07T11:42:17","modified_gmt":"2022-06-07T10:42:17","slug":"quincena-del-deporte-2022","status":"publish","type":"post","link":"https:\/\/www.lavirgendelcamino.info\/wordpress\/quincena-del-deporte-2022\/","title":{"rendered":"Quince d\u00edas con el deporte como aliciente en La Virgen del Camino"},"content":{"rendered":"\n<p>La Concejal\u00eda de Deportes de Valverde de la Virgen present\u00f3 esta ma\u00f1ana&nbsp;el Programa de Actividades para la&nbsp;<strong>Quincena del Deporte de Valverde de la Virgen<\/strong>, en la que tendr\u00e1n cabida todas las actividades que se&nbsp;realizan a lo largo&nbsp;del&nbsp;curso deportivo del municipio. <\/p>\n\n\n\n<p>La Quincena del Deporte cuenta con la colaboraci\u00f3n de entidades p\u00fablicas y privadas, as\u00ed como de los clubs y asociaciones de Valverde de la Virgen, los cuales hacen posible el desarrollo de tan amplio programa que pretende poner el broche de oro al curso deportivo.<\/p>\n\n\n\n<p>Estas dos semanas intensas de deporte arrancar\u00e1n el&nbsp;<strong>S\u00e1bado 21&nbsp;de Mayo<\/strong>&nbsp;con un <strong>Encuentro Deportivo de la Escuela de Mini-Basket<\/strong> y el tradicional&nbsp;<strong>24 horas de F\u00fatbol Sala<\/strong>&nbsp;en el que participar\u00e1n un buen n\u00famero de equipos de toda la provincia. La quincena concluir\u00e1 el&nbsp;<strong>Domingo 5 de Junio<\/strong>&nbsp;con la <strong>Gala de la Escuela Municipal de Baile de Valverde de la Virgen<\/strong>.<\/p>\n\n\n\n<p>Adem\u00e1s el Viernes 27 de Mayo tendr\u00e1 lugar a partir de las 18:00 horas&nbsp;en el Auditorio al Aire Libre la&nbsp;<strong>Gala del Deporte de Valverde de la Virgen<\/strong>, que contar\u00e1 con una tarde activa donde no faltar\u00e1n hinchables, una tirolina y otros juegos para los asistentes.<\/p>\n\n\n\n<div class=\"wp-block-buttons is-content-justification-center is-layout-flex wp-container-core-buttons-is-layout-16018d1d wp-block-buttons-is-layout-flex\">\n<div class=\"wp-block-button\"><a class=\"wp-block-button__link\" href=\"https:\/\/www.lavirgendelcamino.info\/wordpress\/wp-content\/uploads\/2022\/05\/QUINCENA-DEL-DEPORTE-2022-CUATRO-RED.pdf\" target=\"_blank\" rel=\"noreferrer noopener\">PINCHA AQU\u00cd Y DESCARGA EL FOLLETO DE LA QUINCENA DEL DEPORTE 2022<\/a><\/div>\n<\/div>\n","protected":false},"excerpt":{"rendered":"<p>La Concejal\u00eda de Deportes de Valverde de la Virgen present\u00f3 esta ma\u00f1ana&nbsp;el Programa de Actividades para la&nbsp;Quincena del Deporte de Valverde de la Virgen, en la que tendr\u00e1n cabida todas las actividades que se&nbsp;realizan a lo largo&nbsp;del&nbsp;curso deportivo del municipio. La Quincena del Deporte cuenta con la colaboraci\u00f3n de entidades p\u00fablicas y privadas, as\u00ed como [&hellip;]<\/p>\n","protected":false},"author":1,"featured_media":60795,"comment_status":"closed","ping_status":"closed","sticky":false,"template":"","format":"gallery","meta":{"footnotes":""},"categories":[19,1359],"tags":[9818,85,9819,2050,214,281,1467,6836,790],"class_list":["post-64018","post","type-post","status-publish","format-gallery","has-post-thumbnail","hentry","category-deportes","category-tepudointeresar","tag-24-horas-futbol-sala","tag-deporte","tag-exhibiciones","tag-gala-de-baile","tag-la-virgen-del-camino","tag-leon","tag-marcha-cicloturista","tag-quincena-del-deporte","tag-torneos","post_format-post-format-gallery"],"yoast_head":"<!-- This site is optimized with the Yoast SEO plugin v26.9 - https:\/\/yoast.com\/product\/yoast-seo-wordpress\/ -->\n<title>Quince d\u00edas con el deporte como aliciente en La Virgen del Camino<\/title>\n<meta name=\"description\" content=\"Valverde de la Virgen present\u00f3 el Programa de Actividades para la\u00a0Quincena del Deporte que se celebrar\u00e1 a partir del 21 de Mayo.\" \/>\n<meta name=\"robots\" content=\"index, follow, max-snippet:-1, max-image-preview:large, max-video-preview:-1\" \/>\n<link rel=\"canonical\" href=\"https:\/\/www.lavirgendelcamino.info\/wordpress\/quincena-del-deporte-2022\/\" \/>\n<meta property=\"og:locale\" content=\"es_ES\" \/>\n<meta property=\"og:type\" content=\"article\" \/>\n<meta property=\"og:title\" content=\"Quince d\u00edas con el deporte como aliciente en La Virgen del Camino\" \/>\n<meta property=\"og:description\" content=\"Valverde de la Virgen present\u00f3 el Programa de Actividades para la\u00a0Quincena del Deporte que se celebrar\u00e1 a partir del 21 de Mayo.\" \/>\n<meta property=\"og:url\" content=\"https:\/\/www.lavirgendelcamino.info\/wordpress\/quincena-del-deporte-2022\/\" \/>\n<meta property=\"og:site_name\" content=\"La Virgen del Camino (Le\u00f3n)\" \/>\n<meta property=\"article:publisher\" content=\"http:\/\/www.facebook.com\/ayuntamientovalverdedelavirgen\" \/>\n<meta property=\"article:author\" content=\"http:\/\/www.facebook.com\/victoralvarez7\" \/>\n<meta property=\"article:published_time\" content=\"2022-05-16T18:57:11+00:00\" \/>\n<meta property=\"article:modified_time\" content=\"2022-06-07T10:42:17+00:00\" \/>\n<meta property=\"og:image\" content=\"https:\/\/www.lavirgendelcamino.info\/wordpress\/wp-content\/uploads\/2018\/05\/NEW6186-web.jpg\" \/>\n\t<meta property=\"og:image:width\" content=\"1600\" \/>\n\t<meta property=\"og:image:height\" content=\"1067\" \/>\n\t<meta property=\"og:image:type\" content=\"image\/jpeg\" \/>\n<meta name=\"author\" content=\"V\u00edctor\" \/>\n<meta name=\"twitter:card\" content=\"summary_large_image\" \/>\n<meta name=\"twitter:title\" content=\"Quince d\u00edas con el deporte como aliciente en La Virgen del Camino\" \/>\n<meta name=\"twitter:description\" content=\"Valverde de la Virgen present\u00f3 el Programa de Actividades para la\u00a0Quincena del Deporte que se celebrar\u00e1 a partir del 21 de Mayo.\" \/>\n<meta name=\"twitter:image\" content=\"https:\/\/www.lavirgendelcamino.info\/wordpress\/wp-content\/uploads\/2018\/05\/NEW6186-web.jpg\" \/>\n<meta name=\"twitter:creator\" content=\"@valverdevirgen\" \/>\n<meta name=\"twitter:site\" content=\"@valverdevirgen\" \/>\n<meta name=\"twitter:label1\" content=\"Escrito por\" \/>\n\t<meta name=\"twitter:data1\" content=\"V\u00edctor\" \/>\n\t<meta name=\"twitter:label2\" content=\"Tiempo de lectura\" \/>\n\t<meta name=\"twitter:data2\" content=\"1 minuto\" \/>\n<script type=\"application\/ld+json\" class=\"yoast-schema-graph\">{\"@context\":\"https:\/\/schema.org\",\"@graph\":[{\"@type\":\"Article\",\"@id\":\"https:\/\/www.lavirgendelcamino.info\/wordpress\/quincena-del-deporte-2022\/#article\",\"isPartOf\":{\"@id\":\"https:\/\/www.lavirgendelcamino.info\/wordpress\/quincena-del-deporte-2022\/\"},\"author\":{\"name\":\"V\u00edctor\",\"@id\":\"https:\/\/www.lavirgendelcamino.info\/wordpress\/#\/schema\/person\/1cd7bc190e45908cbf77185016bd56e6\"},\"headline\":\"Quince d\u00edas con el deporte como aliciente en La Virgen del Camino\",\"datePublished\":\"2022-05-16T18:57:11+00:00\",\"dateModified\":\"2022-06-07T10:42:17+00:00\",\"mainEntityOfPage\":{\"@id\":\"https:\/\/www.lavirgendelcamino.info\/wordpress\/quincena-del-deporte-2022\/\"},\"wordCount\":246,\"publisher\":{\"@id\":\"https:\/\/www.lavirgendelcamino.info\/wordpress\/#organization\"},\"image\":{\"@id\":\"https:\/\/www.lavirgendelcamino.info\/wordpress\/quincena-del-deporte-2022\/#primaryimage\"},\"thumbnailUrl\":\"https:\/\/www.lavirgendelcamino.info\/wordpress\/wp-content\/uploads\/2018\/05\/NEW6186-web.jpg\",\"keywords\":[\"24 horas F\u00fatbol Sala\",\"Deporte\",\"Exhibiciones\",\"Gala de Baile\",\"La Virgen del Camino\",\"leon\",\"Marcha Cicloturista\",\"Quincena del Deporte\",\"Torneos\"],\"articleSection\":[\"Deportes\",\"Te pudo Interesar\"],\"inLanguage\":\"es\"},{\"@type\":\"WebPage\",\"@id\":\"https:\/\/www.lavirgendelcamino.info\/wordpress\/quincena-del-deporte-2022\/\",\"url\":\"https:\/\/www.lavirgendelcamino.info\/wordpress\/quincena-del-deporte-2022\/\",\"name\":\"Quince d\u00edas con el deporte como aliciente en La Virgen del Camino\",\"isPartOf\":{\"@id\":\"https:\/\/www.lavirgendelcamino.info\/wordpress\/#website\"},\"primaryImageOfPage\":{\"@id\":\"https:\/\/www.lavirgendelcamino.info\/wordpress\/quincena-del-deporte-2022\/#primaryimage\"},\"image\":{\"@id\":\"https:\/\/www.lavirgendelcamino.info\/wordpress\/quincena-del-deporte-2022\/#primaryimage\"},\"thumbnailUrl\":\"https:\/\/www.lavirgendelcamino.info\/wordpress\/wp-content\/uploads\/2018\/05\/NEW6186-web.jpg\",\"datePublished\":\"2022-05-16T18:57:11+00:00\",\"dateModified\":\"2022-06-07T10:42:17+00:00\",\"description\":\"Valverde de la Virgen present\u00f3 el Programa de Actividades para la\u00a0Quincena del Deporte que se celebrar\u00e1 a partir del 21 de Mayo.\",\"breadcrumb\":{\"@id\":\"https:\/\/www.lavirgendelcamino.info\/wordpress\/quincena-del-deporte-2022\/#breadcrumb\"},\"inLanguage\":\"es\",\"potentialAction\":[{\"@type\":\"ReadAction\",\"target\":[\"https:\/\/www.lavirgendelcamino.info\/wordpress\/quincena-del-deporte-2022\/\"]}]},{\"@type\":\"ImageObject\",\"inLanguage\":\"es\",\"@id\":\"https:\/\/www.lavirgendelcamino.info\/wordpress\/quincena-del-deporte-2022\/#primaryimage\",\"url\":\"https:\/\/www.lavirgendelcamino.info\/wordpress\/wp-content\/uploads\/2018\/05\/NEW6186-web.jpg\",\"contentUrl\":\"https:\/\/www.lavirgendelcamino.info\/wordpress\/wp-content\/uploads\/2018\/05\/NEW6186-web.jpg\",\"width\":1600,\"height\":1067,\"caption\":\"carrera popular nocturna\"},{\"@type\":\"BreadcrumbList\",\"@id\":\"https:\/\/www.lavirgendelcamino.info\/wordpress\/quincena-del-deporte-2022\/#breadcrumb\",\"itemListElement\":[{\"@type\":\"ListItem\",\"position\":1,\"name\":\"Portada\",\"item\":\"https:\/\/www.lavirgendelcamino.info\/wordpress\/\"},{\"@type\":\"ListItem\",\"position\":2,\"name\":\"Quince d\u00edas con el deporte como aliciente en La Virgen del Camino\"}]},{\"@type\":\"WebSite\",\"@id\":\"https:\/\/www.lavirgendelcamino.info\/wordpress\/#website\",\"url\":\"https:\/\/www.lavirgendelcamino.info\/wordpress\/\",\"name\":\"La Virgen del Camino (Le\u00f3n)\",\"description\":\"Sitio Web Oficial\",\"publisher\":{\"@id\":\"https:\/\/www.lavirgendelcamino.info\/wordpress\/#organization\"},\"potentialAction\":[{\"@type\":\"SearchAction\",\"target\":{\"@type\":\"EntryPoint\",\"urlTemplate\":\"https:\/\/www.lavirgendelcamino.info\/wordpress\/?s={search_term_string}\"},\"query-input\":{\"@type\":\"PropertyValueSpecification\",\"valueRequired\":true,\"valueName\":\"search_term_string\"}}],\"inLanguage\":\"es\"},{\"@type\":\"Organization\",\"@id\":\"https:\/\/www.lavirgendelcamino.info\/wordpress\/#organization\",\"name\":\"Ayuntamiento de Valverde de la Virgen\",\"url\":\"https:\/\/www.lavirgendelcamino.info\/wordpress\/\",\"logo\":{\"@type\":\"ImageObject\",\"inLanguage\":\"es\",\"@id\":\"https:\/\/www.lavirgendelcamino.info\/wordpress\/#\/schema\/logo\/image\/\",\"url\":\"https:\/\/www.lavirgendelcamino.info\/wordpress\/wp-content\/uploads\/2015\/07\/aytovalverdevector.png\",\"contentUrl\":\"https:\/\/www.lavirgendelcamino.info\/wordpress\/wp-content\/uploads\/2015\/07\/aytovalverdevector.png\",\"width\":371,\"height\":429,\"caption\":\"Ayuntamiento de Valverde de la Virgen\"},\"image\":{\"@id\":\"https:\/\/www.lavirgendelcamino.info\/wordpress\/#\/schema\/logo\/image\/\"},\"sameAs\":[\"http:\/\/www.facebook.com\/ayuntamientovalverdedelavirgen\",\"https:\/\/x.com\/valverdevirgen\",\"http:\/\/www.instagram.com\/valverdevirgen\/\"]},{\"@type\":\"Person\",\"@id\":\"https:\/\/www.lavirgendelcamino.info\/wordpress\/#\/schema\/person\/1cd7bc190e45908cbf77185016bd56e6\",\"name\":\"V\u00edctor\",\"image\":{\"@type\":\"ImageObject\",\"inLanguage\":\"es\",\"@id\":\"https:\/\/www.lavirgendelcamino.info\/wordpress\/#\/schema\/person\/image\/\",\"url\":\"https:\/\/www.lavirgendelcamino.info\/wordpress\/wp-content\/uploads\/2023\/11\/346858673_790228009105456_5108495650941352509_n-150x150.jpg\",\"contentUrl\":\"https:\/\/www.lavirgendelcamino.info\/wordpress\/wp-content\/uploads\/2023\/11\/346858673_790228009105456_5108495650941352509_n-150x150.jpg\",\"caption\":\"V\u00edctor\"},\"sameAs\":[\"http:\/\/www.lavirgendelcamino.info\",\"http:\/\/www.facebook.com\/victoralvarez7\",\"http:\/\/instagram.com\/victoralfer\/\",\"https:\/\/x.com\/@valverdevirgen\",\"http:\/\/www.youtube.com\/user\/victoralfer\"],\"url\":\"https:\/\/www.lavirgendelcamino.info\/wordpress\/author\/victoralfer\/\"}]}<\/script>\n<!-- \/ Yoast SEO plugin. -->","yoast_head_json":{"title":"Quince d\u00edas con el deporte como aliciente en La Virgen del Camino","description":"Valverde de la Virgen present\u00f3 el Programa de Actividades para la\u00a0Quincena del Deporte que se celebrar\u00e1 a partir del 21 de Mayo.","robots":{"index":"index","follow":"follow","max-snippet":"max-snippet:-1","max-image-preview":"max-image-preview:large","max-video-preview":"max-video-preview:-1"},"canonical":"https:\/\/www.lavirgendelcamino.info\/wordpress\/quincena-del-deporte-2022\/","og_locale":"es_ES","og_type":"article","og_title":"Quince d\u00edas con el deporte como aliciente en La Virgen del Camino","og_description":"Valverde de la Virgen present\u00f3 el Programa de Actividades para la\u00a0Quincena del Deporte que se celebrar\u00e1 a partir del 21 de Mayo.","og_url":"https:\/\/www.lavirgendelcamino.info\/wordpress\/quincena-del-deporte-2022\/","og_site_name":"La Virgen del Camino (Le\u00f3n)","article_publisher":"http:\/\/www.facebook.com\/ayuntamientovalverdedelavirgen","article_author":"http:\/\/www.facebook.com\/victoralvarez7","article_published_time":"2022-05-16T18:57:11+00:00","article_modified_time":"2022-06-07T10:42:17+00:00","og_image":[{"width":1600,"height":1067,"url":"https:\/\/www.lavirgendelcamino.info\/wordpress\/wp-content\/uploads\/2018\/05\/NEW6186-web.jpg","type":"image\/jpeg"}],"author":"V\u00edctor","twitter_card":"summary_large_image","twitter_title":"Quince d\u00edas con el deporte como aliciente en La Virgen del Camino","twitter_description":"Valverde de la Virgen present\u00f3 el Programa de Actividades para la\u00a0Quincena del Deporte que se celebrar\u00e1 a partir del 21 de Mayo.","twitter_image":"https:\/\/www.lavirgendelcamino.info\/wordpress\/wp-content\/uploads\/2018\/05\/NEW6186-web.jpg","twitter_creator":"@valverdevirgen","twitter_site":"@valverdevirgen","twitter_misc":{"Escrito por":"V\u00edctor","Tiempo de lectura":"1 minuto"},"schema":{"@context":"https:\/\/schema.org","@graph":[{"@type":"Article","@id":"https:\/\/www.lavirgendelcamino.info\/wordpress\/quincena-del-deporte-2022\/#article","isPartOf":{"@id":"https:\/\/www.lavirgendelcamino.info\/wordpress\/quincena-del-deporte-2022\/"},"author":{"name":"V\u00edctor","@id":"https:\/\/www.lavirgendelcamino.info\/wordpress\/#\/schema\/person\/1cd7bc190e45908cbf77185016bd56e6"},"headline":"Quince d\u00edas con el deporte como aliciente en La Virgen del Camino","datePublished":"2022-05-16T18:57:11+00:00","dateModified":"2022-06-07T10:42:17+00:00","mainEntityOfPage":{"@id":"https:\/\/www.lavirgendelcamino.info\/wordpress\/quincena-del-deporte-2022\/"},"wordCount":246,"publisher":{"@id":"https:\/\/www.lavirgendelcamino.info\/wordpress\/#organization"},"image":{"@id":"https:\/\/www.lavirgendelcamino.info\/wordpress\/quincena-del-deporte-2022\/#primaryimage"},"thumbnailUrl":"https:\/\/www.lavirgendelcamino.info\/wordpress\/wp-content\/uploads\/2018\/05\/NEW6186-web.jpg","keywords":["24 horas F\u00fatbol Sala","Deporte","Exhibiciones","Gala de Baile","La Virgen del Camino","leon","Marcha Cicloturista","Quincena del Deporte","Torneos"],"articleSection":["Deportes","Te pudo Interesar"],"inLanguage":"es"},{"@type":"WebPage","@id":"https:\/\/www.lavirgendelcamino.info\/wordpress\/quincena-del-deporte-2022\/","url":"https:\/\/www.lavirgendelcamino.info\/wordpress\/quincena-del-deporte-2022\/","name":"Quince d\u00edas con el deporte como aliciente en La Virgen del Camino","isPartOf":{"@id":"https:\/\/www.lavirgendelcamino.info\/wordpress\/#website"},"primaryImageOfPage":{"@id":"https:\/\/www.lavirgendelcamino.info\/wordpress\/quincena-del-deporte-2022\/#primaryimage"},"image":{"@id":"https:\/\/www.lavirgendelcamino.info\/wordpress\/quincena-del-deporte-2022\/#primaryimage"},"thumbnailUrl":"https:\/\/www.lavirgendelcamino.info\/wordpress\/wp-content\/uploads\/2018\/05\/NEW6186-web.jpg","datePublished":"2022-05-16T18:57:11+00:00","dateModified":"2022-06-07T10:42:17+00:00","description":"Valverde de la Virgen present\u00f3 el Programa de Actividades para la\u00a0Quincena del Deporte que se celebrar\u00e1 a partir del 21 de Mayo.","breadcrumb":{"@id":"https:\/\/www.lavirgendelcamino.info\/wordpress\/quincena-del-deporte-2022\/#breadcrumb"},"inLanguage":"es","potentialAction":[{"@type":"ReadAction","target":["https:\/\/www.lavirgendelcamino.info\/wordpress\/quincena-del-deporte-2022\/"]}]},{"@type":"ImageObject","inLanguage":"es","@id":"https:\/\/www.lavirgendelcamino.info\/wordpress\/quincena-del-deporte-2022\/#primaryimage","url":"https:\/\/www.lavirgendelcamino.info\/wordpress\/wp-content\/uploads\/2018\/05\/NEW6186-web.jpg","contentUrl":"https:\/\/www.lavirgendelcamino.info\/wordpress\/wp-content\/uploads\/2018\/05\/NEW6186-web.jpg","width":1600,"height":1067,"caption":"carrera popular nocturna"},{"@type":"BreadcrumbList","@id":"https:\/\/www.lavirgendelcamino.info\/wordpress\/quincena-del-deporte-2022\/#breadcrumb","itemListElement":[{"@type":"ListItem","position":1,"name":"Portada","item":"https:\/\/www.lavirgendelcamino.info\/wordpress\/"},{"@type":"ListItem","position":2,"name":"Quince d\u00edas con el deporte como aliciente en La Virgen del Camino"}]},{"@type":"WebSite","@id":"https:\/\/www.lavirgendelcamino.info\/wordpress\/#website","url":"https:\/\/www.lavirgendelcamino.info\/wordpress\/","name":"La Virgen del Camino (Le\u00f3n)","description":"Sitio Web Oficial","publisher":{"@id":"https:\/\/www.lavirgendelcamino.info\/wordpress\/#organization"},"potentialAction":[{"@type":"SearchAction","target":{"@type":"EntryPoint","urlTemplate":"https:\/\/www.lavirgendelcamino.info\/wordpress\/?s={search_term_string}"},"query-input":{"@type":"PropertyValueSpecification","valueRequired":true,"valueName":"search_term_string"}}],"inLanguage":"es"},{"@type":"Organization","@id":"https:\/\/www.lavirgendelcamino.info\/wordpress\/#organization","name":"Ayuntamiento de Valverde de la Virgen","url":"https:\/\/www.lavirgendelcamino.info\/wordpress\/","logo":{"@type":"ImageObject","inLanguage":"es","@id":"https:\/\/www.lavirgendelcamino.info\/wordpress\/#\/schema\/logo\/image\/","url":"https:\/\/www.lavirgendelcamino.info\/wordpress\/wp-content\/uploads\/2015\/07\/aytovalverdevector.png","contentUrl":"https:\/\/www.lavirgendelcamino.info\/wordpress\/wp-content\/uploads\/2015\/07\/aytovalverdevector.png","width":371,"height":429,"caption":"Ayuntamiento de Valverde de la Virgen"},"image":{"@id":"https:\/\/www.lavirgendelcamino.info\/wordpress\/#\/schema\/logo\/image\/"},"sameAs":["http:\/\/www.facebook.com\/ayuntamientovalverdedelavirgen","https:\/\/x.com\/valverdevirgen","http:\/\/www.instagram.com\/valverdevirgen\/"]},{"@type":"Person","@id":"https:\/\/www.lavirgendelcamino.info\/wordpress\/#\/schema\/person\/1cd7bc190e45908cbf77185016bd56e6","name":"V\u00edctor","image":{"@type":"ImageObject","inLanguage":"es","@id":"https:\/\/www.lavirgendelcamino.info\/wordpress\/#\/schema\/person\/image\/","url":"https:\/\/www.lavirgendelcamino.info\/wordpress\/wp-content\/uploads\/2023\/11\/346858673_790228009105456_5108495650941352509_n-150x150.jpg","contentUrl":"https:\/\/www.lavirgendelcamino.info\/wordpress\/wp-content\/uploads\/2023\/11\/346858673_790228009105456_5108495650941352509_n-150x150.jpg","caption":"V\u00edctor"},"sameAs":["http:\/\/www.lavirgendelcamino.info","http:\/\/www.facebook.com\/victoralvarez7","http:\/\/instagram.com\/victoralfer\/","https:\/\/x.com\/@valverdevirgen","http:\/\/www.youtube.com\/user\/victoralfer"],"url":"https:\/\/www.lavirgendelcamino.info\/wordpress\/author\/victoralfer\/"}]}},"_links":{"self":[{"href":"https:\/\/www.lavirgendelcamino.info\/wordpress\/wp-json\/wp\/v2\/posts\/64018","targetHints":{"allow":["GET"]}}],"collection":[{"href":"https:\/\/www.lavirgendelcamino.info\/wordpress\/wp-json\/wp\/v2\/posts"}],"about":[{"href":"https:\/\/www.lavirgendelcamino.info\/wordpress\/wp-json\/wp\/v2\/types\/post"}],"author":[{"embeddable":true,"href":"https:\/\/www.lavirgendelcamino.info\/wordpress\/wp-json\/wp\/v2\/users\/1"}],"replies":[{"embeddable":true,"href":"https:\/\/www.lavirgendelcamino.info\/wordpress\/wp-json\/wp\/v2\/comments?post=64018"}],"version-history":[{"count":0,"href":"https:\/\/www.lavirgendelcamino.info\/wordpress\/wp-json\/wp\/v2\/posts\/64018\/revisions"}],"wp:featuredmedia":[{"embeddable":true,"href":"https:\/\/www.lavirgendelcamino.info\/wordpress\/wp-json\/wp\/v2\/media\/60795"}],"wp:attachment":[{"href":"https:\/\/www.lavirgendelcamino.info\/wordpress\/wp-json\/wp\/v2\/media?parent=64018"}],"wp:term":[{"taxonomy":"category","embeddable":true,"href":"https:\/\/www.lavirgendelcamino.info\/wordpress\/wp-json\/wp\/v2\/categories?post=64018"},{"taxonomy":"post_tag","embeddable":true,"href":"https:\/\/www.lavirgendelcamino.info\/wordpress\/wp-json\/wp\/v2\/tags?post=64018"}],"curies":[{"name":"wp","href":"https:\/\/api.w.org\/{rel}","templated":true}]}}