{"id":64611,"date":"2023-01-31T11:56:43","date_gmt":"2023-01-31T10:56:43","guid":{"rendered":"https:\/\/www.lavirgendelcamino.info\/wordpress\/?p=64611"},"modified":"2023-02-14T14:25:28","modified_gmt":"2023-02-14T13:25:28","slug":"curso-defensa-mujer-2023","status":"publish","type":"post","link":"https:\/\/www.lavirgendelcamino.info\/wordpress\/curso-defensa-mujer-2023\/","title":{"rendered":"Curso de Defensa para la Mujer el 11 de Febrero"},"content":{"rendered":"\n<p>La Concejal\u00eda de Mujer de Valverde de la Virgen organiza el <strong>S\u00e1bado 11 de Febrero<\/strong> un <strong>Curso de Defensa para la Mujer<\/strong> con el m\u00e9todo <strong>C3M<\/strong>.<\/p>\n\n\n\n<p>El curso, que ser\u00e1 gratuito, tendr\u00e1 una duraci\u00f3n de tres horas horas, comenzando a las 10:00 horas en el Sal\u00f3n del Pueblo de La Virgen del Camino.<\/p>\n\n\n\n<h4 class=\"wp-block-heading\"><strong>\u00bfQu\u00e9 es el C3M?<\/strong><\/h4>\n\n\n\n<p>El C3M es una disciplina derivada del <strong>Combate Cuerpo a Cuerpo e Intervenci\u00f3n Operativa<\/strong> aplicada al mundo de la mujer dirigida por un equipo de instructoras con un amplio recorrido t\u00e9cnico y profesional, entre las que se encuentra Miriam Marcos, vecina de Montejos del Camino.<\/p>\n\n\n\n<h4 class=\"wp-block-heading\"><strong>\u00bfQui\u00e9n impartir\u00e1 la formaci\u00f3n?<\/strong><\/h4>\n\n\n\n<p>Este curso estar\u00e1 impartido por t\u00e9cnicos de la <strong>UGFAS<\/strong>, entidad integrada en la Real Federaci\u00f3n Espa\u00f1ola de&nbsp;Karate y Deportes Asociados (RFEK) que nace de la necesidad de colaborar en la preparaci\u00f3n en Combate Cuerpo a Cuerpo (CCC) de los miembros de Fuerzas Armadas (FAS), Fuerzas y Cuerpos de Seguridad, y Profesionales de la Seguridad, as\u00ed como la difusi\u00f3n de los valores de&nbsp;las Artes Marciales en su entorno.&nbsp;<\/p>\n\n\n\n<h4 class=\"wp-block-heading\"><strong>Inscripciones abiertas desde el 31 de Enero<\/strong><\/h4>\n\n\n\n<p>Las inscripciones se podr\u00e1n hacer efectivas en la Oficina de Atenci\u00f3n al P\u00fablico de La Virgen del Camino (Telf 987302213) hasta completar el cupo de dieciocho plazas.<\/p>\n\n\n\n<figure class=\"wp-block-gallery has-nested-images columns-default is-cropped wp-block-gallery-1 is-layout-flex wp-block-gallery-is-layout-flex\">\n<figure class=\"wp-block-image size-large\"><a href=\"https:\/\/www.lavirgendelcamino.info\/wordpress\/wp-content\/uploads\/2023\/01\/taller-autodefensa-2023-web.jpg\"><img loading=\"lazy\" decoding=\"async\" width=\"724\" height=\"1024\" data-id=\"64612\" src=\"https:\/\/www.lavirgendelcamino.info\/wordpress\/wp-content\/uploads\/2023\/01\/taller-autodefensa-2023-web-724x1024.jpg\" alt=\"\" class=\"wp-image-64612\" srcset=\"https:\/\/www.lavirgendelcamino.info\/wordpress\/wp-content\/uploads\/2023\/01\/taller-autodefensa-2023-web-724x1024.jpg 724w, https:\/\/www.lavirgendelcamino.info\/wordpress\/wp-content\/uploads\/2023\/01\/taller-autodefensa-2023-web-212x300.jpg 212w, https:\/\/www.lavirgendelcamino.info\/wordpress\/wp-content\/uploads\/2023\/01\/taller-autodefensa-2023-web-768x1086.jpg 768w, https:\/\/www.lavirgendelcamino.info\/wordpress\/wp-content\/uploads\/2023\/01\/taller-autodefensa-2023-web-150x212.jpg 150w, https:\/\/www.lavirgendelcamino.info\/wordpress\/wp-content\/uploads\/2023\/01\/taller-autodefensa-2023-web-300x424.jpg 300w, https:\/\/www.lavirgendelcamino.info\/wordpress\/wp-content\/uploads\/2023\/01\/taller-autodefensa-2023-web-696x984.jpg 696w, https:\/\/www.lavirgendelcamino.info\/wordpress\/wp-content\/uploads\/2023\/01\/taller-autodefensa-2023-web-297x420.jpg 297w, https:\/\/www.lavirgendelcamino.info\/wordpress\/wp-content\/uploads\/2023\/01\/taller-autodefensa-2023-web.jpg 1061w\" sizes=\"auto, (max-width: 724px) 100vw, 724px\" \/><\/a><\/figure>\n<\/figure>\n","protected":false},"excerpt":{"rendered":"<p>La Concejal\u00eda de Mujer de Valverde de la Virgen organiza el S\u00e1bado 11 de Febrero un Curso de Defensa para la Mujer con el m\u00e9todo C3M. El curso, que ser\u00e1 gratuito, tendr\u00e1 una duraci\u00f3n de tres horas horas, comenzando a las 10:00 horas en el Sal\u00f3n del Pueblo de La Virgen del Camino. \u00bfQu\u00e9 es [&hellip;]<\/p>\n","protected":false},"author":1,"featured_media":64612,"comment_status":"closed","ping_status":"closed","sticky":false,"template":"","format":"gallery","meta":{"footnotes":""},"categories":[19,1359],"tags":[10018,10017,10019,214,281,194,8918],"class_list":{"0":"post-64611","1":"post","2":"type-post","3":"status-publish","4":"format-gallery","5":"has-post-thumbnail","6":"hentry","7":"category-deportes","8":"category-tepudointeresar","9":"tag-c3m","10":"tag-defensa-de-la-mujer","12":"tag-la-virgen-del-camino","13":"tag-leon","14":"tag-salon-del-pueblo","15":"tag-violencia-de-genero","16":"post_format-post-format-gallery"},"yoast_head":"<!-- This site is optimized with the Yoast SEO plugin v26.9 - https:\/\/yoast.com\/product\/yoast-seo-wordpress\/ -->\n<title>Curso de Defensa para la Mujer el 11 de Febrero<\/title>\n<meta name=\"description\" content=\"La Concejal\u00eda de Mujer de Valverde de la Virgen organiza el S\u00e1bado 11 de Febrero un Curso de Defensa para la Mujer con el m\u00e9todo C3M.\" \/>\n<meta name=\"robots\" content=\"index, follow, max-snippet:-1, max-image-preview:large, max-video-preview:-1\" \/>\n<link rel=\"canonical\" href=\"https:\/\/www.lavirgendelcamino.info\/wordpress\/curso-defensa-mujer-2023\/\" \/>\n<meta property=\"og:locale\" content=\"es_ES\" \/>\n<meta property=\"og:type\" content=\"article\" \/>\n<meta property=\"og:title\" content=\"Curso de Defensa para la Mujer el 11 de Febrero\" \/>\n<meta property=\"og:description\" content=\"La Concejal\u00eda de Mujer de Valverde de la Virgen organiza el S\u00e1bado 11 de Febrero un Curso de Defensa para la Mujer con el m\u00e9todo C3M.\" \/>\n<meta property=\"og:url\" content=\"https:\/\/www.lavirgendelcamino.info\/wordpress\/curso-defensa-mujer-2023\/\" \/>\n<meta property=\"og:site_name\" content=\"La Virgen del Camino (Le\u00f3n)\" \/>\n<meta property=\"article:publisher\" content=\"http:\/\/www.facebook.com\/ayuntamientovalverdedelavirgen\" \/>\n<meta property=\"article:author\" content=\"http:\/\/www.facebook.com\/victoralvarez7\" \/>\n<meta property=\"article:published_time\" content=\"2023-01-31T10:56:43+00:00\" \/>\n<meta property=\"article:modified_time\" content=\"2023-02-14T13:25:28+00:00\" \/>\n<meta property=\"og:image\" content=\"https:\/\/www.lavirgendelcamino.info\/wordpress\/wp-content\/uploads\/2023\/01\/taller-autodefensa-2023-web.jpg\" \/>\n\t<meta property=\"og:image:width\" content=\"1061\" \/>\n\t<meta property=\"og:image:height\" content=\"1500\" \/>\n\t<meta property=\"og:image:type\" content=\"image\/jpeg\" \/>\n<meta name=\"author\" content=\"V\u00edctor\" \/>\n<meta name=\"twitter:card\" content=\"summary_large_image\" \/>\n<meta name=\"twitter:description\" content=\"La Concejal\u00eda de Mujer de Valverde de la Virgen organiza el S\u00e1bado 11 de Febrero un Curso de Defensa para la Mujer con el m\u00e9todo C3M.\" \/>\n<meta name=\"twitter:image\" content=\"https:\/\/www.lavirgendelcamino.info\/wordpress\/wp-content\/uploads\/2023\/01\/taller-autodefensa-2023-web.jpg\" \/>\n<meta name=\"twitter:creator\" content=\"@valverdevirgen\" \/>\n<meta name=\"twitter:site\" content=\"@valverdevirgen\" \/>\n<meta name=\"twitter:label1\" content=\"Escrito por\" \/>\n\t<meta name=\"twitter:data1\" content=\"V\u00edctor\" \/>\n\t<meta name=\"twitter:label2\" content=\"Tiempo de lectura\" \/>\n\t<meta name=\"twitter:data2\" content=\"2 minutos\" \/>\n<script type=\"application\/ld+json\" class=\"yoast-schema-graph\">{\"@context\":\"https:\/\/schema.org\",\"@graph\":[{\"@type\":\"Article\",\"@id\":\"https:\/\/www.lavirgendelcamino.info\/wordpress\/curso-defensa-mujer-2023\/#article\",\"isPartOf\":{\"@id\":\"https:\/\/www.lavirgendelcamino.info\/wordpress\/curso-defensa-mujer-2023\/\"},\"author\":{\"name\":\"V\u00edctor\",\"@id\":\"https:\/\/www.lavirgendelcamino.info\/wordpress\/#\/schema\/person\/1cd7bc190e45908cbf77185016bd56e6\"},\"headline\":\"Curso de Defensa para la Mujer el 11 de Febrero\",\"datePublished\":\"2023-01-31T10:56:43+00:00\",\"dateModified\":\"2023-02-14T13:25:28+00:00\",\"mainEntityOfPage\":{\"@id\":\"https:\/\/www.lavirgendelcamino.info\/wordpress\/curso-defensa-mujer-2023\/\"},\"wordCount\":237,\"publisher\":{\"@id\":\"https:\/\/www.lavirgendelcamino.info\/wordpress\/#organization\"},\"image\":{\"@id\":\"https:\/\/www.lavirgendelcamino.info\/wordpress\/curso-defensa-mujer-2023\/#primaryimage\"},\"thumbnailUrl\":\"https:\/\/www.lavirgendelcamino.info\/wordpress\/wp-content\/uploads\/2023\/01\/taller-autodefensa-2023-web.jpg\",\"keywords\":[\"C3M\",\"Defensa de la Mujer\",\"Federaci\u00f3n Espa\u00f1ola de Karate\",\"La Virgen del Camino\",\"leon\",\"Sal\u00f3n del Pueblo\",\"Violencia de G\u00e9nero\"],\"articleSection\":[\"Deportes\",\"Te pudo Interesar\"],\"inLanguage\":\"es\"},{\"@type\":\"WebPage\",\"@id\":\"https:\/\/www.lavirgendelcamino.info\/wordpress\/curso-defensa-mujer-2023\/\",\"url\":\"https:\/\/www.lavirgendelcamino.info\/wordpress\/curso-defensa-mujer-2023\/\",\"name\":\"Curso de Defensa para la Mujer el 11 de Febrero\",\"isPartOf\":{\"@id\":\"https:\/\/www.lavirgendelcamino.info\/wordpress\/#website\"},\"primaryImageOfPage\":{\"@id\":\"https:\/\/www.lavirgendelcamino.info\/wordpress\/curso-defensa-mujer-2023\/#primaryimage\"},\"image\":{\"@id\":\"https:\/\/www.lavirgendelcamino.info\/wordpress\/curso-defensa-mujer-2023\/#primaryimage\"},\"thumbnailUrl\":\"https:\/\/www.lavirgendelcamino.info\/wordpress\/wp-content\/uploads\/2023\/01\/taller-autodefensa-2023-web.jpg\",\"datePublished\":\"2023-01-31T10:56:43+00:00\",\"dateModified\":\"2023-02-14T13:25:28+00:00\",\"description\":\"La Concejal\u00eda de Mujer de Valverde de la Virgen organiza el S\u00e1bado 11 de Febrero un Curso de Defensa para la Mujer con el m\u00e9todo C3M.\",\"breadcrumb\":{\"@id\":\"https:\/\/www.lavirgendelcamino.info\/wordpress\/curso-defensa-mujer-2023\/#breadcrumb\"},\"inLanguage\":\"es\",\"potentialAction\":[{\"@type\":\"ReadAction\",\"target\":[\"https:\/\/www.lavirgendelcamino.info\/wordpress\/curso-defensa-mujer-2023\/\"]}]},{\"@type\":\"ImageObject\",\"inLanguage\":\"es\",\"@id\":\"https:\/\/www.lavirgendelcamino.info\/wordpress\/curso-defensa-mujer-2023\/#primaryimage\",\"url\":\"https:\/\/www.lavirgendelcamino.info\/wordpress\/wp-content\/uploads\/2023\/01\/taller-autodefensa-2023-web.jpg\",\"contentUrl\":\"https:\/\/www.lavirgendelcamino.info\/wordpress\/wp-content\/uploads\/2023\/01\/taller-autodefensa-2023-web.jpg\",\"width\":1061,\"height\":1500},{\"@type\":\"BreadcrumbList\",\"@id\":\"https:\/\/www.lavirgendelcamino.info\/wordpress\/curso-defensa-mujer-2023\/#breadcrumb\",\"itemListElement\":[{\"@type\":\"ListItem\",\"position\":1,\"name\":\"Portada\",\"item\":\"https:\/\/www.lavirgendelcamino.info\/wordpress\/\"},{\"@type\":\"ListItem\",\"position\":2,\"name\":\"Curso de Defensa para la Mujer el 11 de Febrero\"}]},{\"@type\":\"WebSite\",\"@id\":\"https:\/\/www.lavirgendelcamino.info\/wordpress\/#website\",\"url\":\"https:\/\/www.lavirgendelcamino.info\/wordpress\/\",\"name\":\"La Virgen del Camino (Le\u00f3n)\",\"description\":\"Sitio Web Oficial\",\"publisher\":{\"@id\":\"https:\/\/www.lavirgendelcamino.info\/wordpress\/#organization\"},\"potentialAction\":[{\"@type\":\"SearchAction\",\"target\":{\"@type\":\"EntryPoint\",\"urlTemplate\":\"https:\/\/www.lavirgendelcamino.info\/wordpress\/?s={search_term_string}\"},\"query-input\":{\"@type\":\"PropertyValueSpecification\",\"valueRequired\":true,\"valueName\":\"search_term_string\"}}],\"inLanguage\":\"es\"},{\"@type\":\"Organization\",\"@id\":\"https:\/\/www.lavirgendelcamino.info\/wordpress\/#organization\",\"name\":\"Ayuntamiento de Valverde de la Virgen\",\"url\":\"https:\/\/www.lavirgendelcamino.info\/wordpress\/\",\"logo\":{\"@type\":\"ImageObject\",\"inLanguage\":\"es\",\"@id\":\"https:\/\/www.lavirgendelcamino.info\/wordpress\/#\/schema\/logo\/image\/\",\"url\":\"https:\/\/www.lavirgendelcamino.info\/wordpress\/wp-content\/uploads\/2015\/07\/aytovalverdevector.png\",\"contentUrl\":\"https:\/\/www.lavirgendelcamino.info\/wordpress\/wp-content\/uploads\/2015\/07\/aytovalverdevector.png\",\"width\":371,\"height\":429,\"caption\":\"Ayuntamiento de Valverde de la Virgen\"},\"image\":{\"@id\":\"https:\/\/www.lavirgendelcamino.info\/wordpress\/#\/schema\/logo\/image\/\"},\"sameAs\":[\"http:\/\/www.facebook.com\/ayuntamientovalverdedelavirgen\",\"https:\/\/x.com\/valverdevirgen\",\"http:\/\/www.instagram.com\/valverdevirgen\/\"]},{\"@type\":\"Person\",\"@id\":\"https:\/\/www.lavirgendelcamino.info\/wordpress\/#\/schema\/person\/1cd7bc190e45908cbf77185016bd56e6\",\"name\":\"V\u00edctor\",\"image\":{\"@type\":\"ImageObject\",\"inLanguage\":\"es\",\"@id\":\"https:\/\/www.lavirgendelcamino.info\/wordpress\/#\/schema\/person\/image\/\",\"url\":\"https:\/\/www.lavirgendelcamino.info\/wordpress\/wp-content\/uploads\/2023\/11\/346858673_790228009105456_5108495650941352509_n-150x150.jpg\",\"contentUrl\":\"https:\/\/www.lavirgendelcamino.info\/wordpress\/wp-content\/uploads\/2023\/11\/346858673_790228009105456_5108495650941352509_n-150x150.jpg\",\"caption\":\"V\u00edctor\"},\"sameAs\":[\"http:\/\/www.lavirgendelcamino.info\",\"http:\/\/www.facebook.com\/victoralvarez7\",\"http:\/\/instagram.com\/victoralfer\/\",\"https:\/\/x.com\/@valverdevirgen\",\"http:\/\/www.youtube.com\/user\/victoralfer\"],\"url\":\"https:\/\/www.lavirgendelcamino.info\/wordpress\/author\/victoralfer\/\"}]}<\/script>\n<!-- \/ Yoast SEO plugin. -->","yoast_head_json":{"title":"Curso de Defensa para la Mujer el 11 de Febrero","description":"La Concejal\u00eda de Mujer de Valverde de la Virgen organiza el S\u00e1bado 11 de Febrero un Curso de Defensa para la Mujer con el m\u00e9todo C3M.","robots":{"index":"index","follow":"follow","max-snippet":"max-snippet:-1","max-image-preview":"max-image-preview:large","max-video-preview":"max-video-preview:-1"},"canonical":"https:\/\/www.lavirgendelcamino.info\/wordpress\/curso-defensa-mujer-2023\/","og_locale":"es_ES","og_type":"article","og_title":"Curso de Defensa para la Mujer el 11 de Febrero","og_description":"La Concejal\u00eda de Mujer de Valverde de la Virgen organiza el S\u00e1bado 11 de Febrero un Curso de Defensa para la Mujer con el m\u00e9todo C3M.","og_url":"https:\/\/www.lavirgendelcamino.info\/wordpress\/curso-defensa-mujer-2023\/","og_site_name":"La Virgen del Camino (Le\u00f3n)","article_publisher":"http:\/\/www.facebook.com\/ayuntamientovalverdedelavirgen","article_author":"http:\/\/www.facebook.com\/victoralvarez7","article_published_time":"2023-01-31T10:56:43+00:00","article_modified_time":"2023-02-14T13:25:28+00:00","og_image":[{"width":1061,"height":1500,"url":"https:\/\/www.lavirgendelcamino.info\/wordpress\/wp-content\/uploads\/2023\/01\/taller-autodefensa-2023-web.jpg","type":"image\/jpeg"}],"author":"V\u00edctor","twitter_card":"summary_large_image","twitter_description":"La Concejal\u00eda de Mujer de Valverde de la Virgen organiza el S\u00e1bado 11 de Febrero un Curso de Defensa para la Mujer con el m\u00e9todo C3M.","twitter_image":"https:\/\/www.lavirgendelcamino.info\/wordpress\/wp-content\/uploads\/2023\/01\/taller-autodefensa-2023-web.jpg","twitter_creator":"@valverdevirgen","twitter_site":"@valverdevirgen","twitter_misc":{"Escrito por":"V\u00edctor","Tiempo de lectura":"2 minutos"},"schema":{"@context":"https:\/\/schema.org","@graph":[{"@type":"Article","@id":"https:\/\/www.lavirgendelcamino.info\/wordpress\/curso-defensa-mujer-2023\/#article","isPartOf":{"@id":"https:\/\/www.lavirgendelcamino.info\/wordpress\/curso-defensa-mujer-2023\/"},"author":{"name":"V\u00edctor","@id":"https:\/\/www.lavirgendelcamino.info\/wordpress\/#\/schema\/person\/1cd7bc190e45908cbf77185016bd56e6"},"headline":"Curso de Defensa para la Mujer el 11 de Febrero","datePublished":"2023-01-31T10:56:43+00:00","dateModified":"2023-02-14T13:25:28+00:00","mainEntityOfPage":{"@id":"https:\/\/www.lavirgendelcamino.info\/wordpress\/curso-defensa-mujer-2023\/"},"wordCount":237,"publisher":{"@id":"https:\/\/www.lavirgendelcamino.info\/wordpress\/#organization"},"image":{"@id":"https:\/\/www.lavirgendelcamino.info\/wordpress\/curso-defensa-mujer-2023\/#primaryimage"},"thumbnailUrl":"https:\/\/www.lavirgendelcamino.info\/wordpress\/wp-content\/uploads\/2023\/01\/taller-autodefensa-2023-web.jpg","keywords":["C3M","Defensa de la Mujer","Federaci\u00f3n Espa\u00f1ola de Karate","La Virgen del Camino","leon","Sal\u00f3n del Pueblo","Violencia de G\u00e9nero"],"articleSection":["Deportes","Te pudo Interesar"],"inLanguage":"es"},{"@type":"WebPage","@id":"https:\/\/www.lavirgendelcamino.info\/wordpress\/curso-defensa-mujer-2023\/","url":"https:\/\/www.lavirgendelcamino.info\/wordpress\/curso-defensa-mujer-2023\/","name":"Curso de Defensa para la Mujer el 11 de Febrero","isPartOf":{"@id":"https:\/\/www.lavirgendelcamino.info\/wordpress\/#website"},"primaryImageOfPage":{"@id":"https:\/\/www.lavirgendelcamino.info\/wordpress\/curso-defensa-mujer-2023\/#primaryimage"},"image":{"@id":"https:\/\/www.lavirgendelcamino.info\/wordpress\/curso-defensa-mujer-2023\/#primaryimage"},"thumbnailUrl":"https:\/\/www.lavirgendelcamino.info\/wordpress\/wp-content\/uploads\/2023\/01\/taller-autodefensa-2023-web.jpg","datePublished":"2023-01-31T10:56:43+00:00","dateModified":"2023-02-14T13:25:28+00:00","description":"La Concejal\u00eda de Mujer de Valverde de la Virgen organiza el S\u00e1bado 11 de Febrero un Curso de Defensa para la Mujer con el m\u00e9todo C3M.","breadcrumb":{"@id":"https:\/\/www.lavirgendelcamino.info\/wordpress\/curso-defensa-mujer-2023\/#breadcrumb"},"inLanguage":"es","potentialAction":[{"@type":"ReadAction","target":["https:\/\/www.lavirgendelcamino.info\/wordpress\/curso-defensa-mujer-2023\/"]}]},{"@type":"ImageObject","inLanguage":"es","@id":"https:\/\/www.lavirgendelcamino.info\/wordpress\/curso-defensa-mujer-2023\/#primaryimage","url":"https:\/\/www.lavirgendelcamino.info\/wordpress\/wp-content\/uploads\/2023\/01\/taller-autodefensa-2023-web.jpg","contentUrl":"https:\/\/www.lavirgendelcamino.info\/wordpress\/wp-content\/uploads\/2023\/01\/taller-autodefensa-2023-web.jpg","width":1061,"height":1500},{"@type":"BreadcrumbList","@id":"https:\/\/www.lavirgendelcamino.info\/wordpress\/curso-defensa-mujer-2023\/#breadcrumb","itemListElement":[{"@type":"ListItem","position":1,"name":"Portada","item":"https:\/\/www.lavirgendelcamino.info\/wordpress\/"},{"@type":"ListItem","position":2,"name":"Curso de Defensa para la Mujer el 11 de Febrero"}]},{"@type":"WebSite","@id":"https:\/\/www.lavirgendelcamino.info\/wordpress\/#website","url":"https:\/\/www.lavirgendelcamino.info\/wordpress\/","name":"La Virgen del Camino (Le\u00f3n)","description":"Sitio Web Oficial","publisher":{"@id":"https:\/\/www.lavirgendelcamino.info\/wordpress\/#organization"},"potentialAction":[{"@type":"SearchAction","target":{"@type":"EntryPoint","urlTemplate":"https:\/\/www.lavirgendelcamino.info\/wordpress\/?s={search_term_string}"},"query-input":{"@type":"PropertyValueSpecification","valueRequired":true,"valueName":"search_term_string"}}],"inLanguage":"es"},{"@type":"Organization","@id":"https:\/\/www.lavirgendelcamino.info\/wordpress\/#organization","name":"Ayuntamiento de Valverde de la Virgen","url":"https:\/\/www.lavirgendelcamino.info\/wordpress\/","logo":{"@type":"ImageObject","inLanguage":"es","@id":"https:\/\/www.lavirgendelcamino.info\/wordpress\/#\/schema\/logo\/image\/","url":"https:\/\/www.lavirgendelcamino.info\/wordpress\/wp-content\/uploads\/2015\/07\/aytovalverdevector.png","contentUrl":"https:\/\/www.lavirgendelcamino.info\/wordpress\/wp-content\/uploads\/2015\/07\/aytovalverdevector.png","width":371,"height":429,"caption":"Ayuntamiento de Valverde de la Virgen"},"image":{"@id":"https:\/\/www.lavirgendelcamino.info\/wordpress\/#\/schema\/logo\/image\/"},"sameAs":["http:\/\/www.facebook.com\/ayuntamientovalverdedelavirgen","https:\/\/x.com\/valverdevirgen","http:\/\/www.instagram.com\/valverdevirgen\/"]},{"@type":"Person","@id":"https:\/\/www.lavirgendelcamino.info\/wordpress\/#\/schema\/person\/1cd7bc190e45908cbf77185016bd56e6","name":"V\u00edctor","image":{"@type":"ImageObject","inLanguage":"es","@id":"https:\/\/www.lavirgendelcamino.info\/wordpress\/#\/schema\/person\/image\/","url":"https:\/\/www.lavirgendelcamino.info\/wordpress\/wp-content\/uploads\/2023\/11\/346858673_790228009105456_5108495650941352509_n-150x150.jpg","contentUrl":"https:\/\/www.lavirgendelcamino.info\/wordpress\/wp-content\/uploads\/2023\/11\/346858673_790228009105456_5108495650941352509_n-150x150.jpg","caption":"V\u00edctor"},"sameAs":["http:\/\/www.lavirgendelcamino.info","http:\/\/www.facebook.com\/victoralvarez7","http:\/\/instagram.com\/victoralfer\/","https:\/\/x.com\/@valverdevirgen","http:\/\/www.youtube.com\/user\/victoralfer"],"url":"https:\/\/www.lavirgendelcamino.info\/wordpress\/author\/victoralfer\/"}]}},"_links":{"self":[{"href":"https:\/\/www.lavirgendelcamino.info\/wordpress\/wp-json\/wp\/v2\/posts\/64611","targetHints":{"allow":["GET"]}}],"collection":[{"href":"https:\/\/www.lavirgendelcamino.info\/wordpress\/wp-json\/wp\/v2\/posts"}],"about":[{"href":"https:\/\/www.lavirgendelcamino.info\/wordpress\/wp-json\/wp\/v2\/types\/post"}],"author":[{"embeddable":true,"href":"https:\/\/www.lavirgendelcamino.info\/wordpress\/wp-json\/wp\/v2\/users\/1"}],"replies":[{"embeddable":true,"href":"https:\/\/www.lavirgendelcamino.info\/wordpress\/wp-json\/wp\/v2\/comments?post=64611"}],"version-history":[{"count":0,"href":"https:\/\/www.lavirgendelcamino.info\/wordpress\/wp-json\/wp\/v2\/posts\/64611\/revisions"}],"wp:featuredmedia":[{"embeddable":true,"href":"https:\/\/www.lavirgendelcamino.info\/wordpress\/wp-json\/wp\/v2\/media\/64612"}],"wp:attachment":[{"href":"https:\/\/www.lavirgendelcamino.info\/wordpress\/wp-json\/wp\/v2\/media?parent=64611"}],"wp:term":[{"taxonomy":"category","embeddable":true,"href":"https:\/\/www.lavirgendelcamino.info\/wordpress\/wp-json\/wp\/v2\/categories?post=64611"},{"taxonomy":"post_tag","embeddable":true,"href":"https:\/\/www.lavirgendelcamino.info\/wordpress\/wp-json\/wp\/v2\/tags?post=64611"}],"curies":[{"name":"wp","href":"https:\/\/api.w.org\/{rel}","templated":true}]}}