{"id":6563,"date":"2013-07-29T19:42:44","date_gmt":"2013-07-29T18:42:44","guid":{"rendered":"http:\/\/www.lavirgendelcamino.info\/wordpress\/?p=6563"},"modified":"2013-08-05T12:48:34","modified_gmt":"2013-08-05T11:48:34","slug":"grandes-fiestas-en-valverde-la-virgen","status":"publish","type":"post","link":"https:\/\/www.lavirgendelcamino.info\/wordpress\/grandes-fiestas-en-valverde-la-virgen\/","title":{"rendered":"\u00a1\u00a1 Grandes Fiestas en Valverde la Virgen !!"},"content":{"rendered":"<p>La localidad de Valverde de la Virgen celebrar\u00e1 los d\u00edas 2, 3 y 4 de Agosto sus tradicionales Fiestas de Verano, organizadas por la Junta Vecinal y la Comisi\u00f3n de Fiestas de Valverde de la Virgen.<\/p>\n<p>Estas fiestas est\u00e1n pensadas para todas las edades y se han realizado con exquisito mimo para que no no haya un segundo si diversi\u00f3n.<\/p>\n<p><span style=\"text-decoration: underline;\">VIERNES 2<\/span><\/p>\n<ul>\n<li>19:00 <strong>Comienzo de las Fiestas 2013 con Inauguraci\u00f3n de la\u00a0Tasca<\/strong><\/li>\n<li>20:00 <strong>Gran Chorizada \u00a1\u00a1 Chorizo del que Rasca !!<\/strong><\/li>\n<li>21:00 <strong>Baile de Tarde amenizado con la Discoteca M\u00f3vil<\/strong><\/li>\n<li>23:30 <strong>Gran Verbena con la Discoteca M\u00f3vil<\/strong><\/li>\n<\/ul>\n<p><span style=\"text-decoration: underline;\">S\u00c1BADO 3<\/span><\/p>\n<ul>\n<li>18:00 <strong>Juegos Infantiles e Hinchables<\/strong><\/li>\n<li>19:00 <strong>Fiesta de la Espuma y m\u00e1s Juegos Infantiles<\/strong><\/li>\n<li><strong><\/strong>21:00\u00a0<strong>Baile de Tarde amenizado con la Discoteca M\u00f3vil<\/strong><\/li>\n<li><strong><\/strong>23:30\u00a0<strong>Gran Verbena con la Discoteca M\u00f3vil<\/strong><\/li>\n<\/ul>\n<p><span style=\"text-decoration: underline;\">DOMINGO 4<\/span><\/p>\n<ul>\n<li>12:30 <strong>Procesi\u00f3n y Pendones del Municipio<\/strong><\/li>\n<li>13:00 <strong>Misa Solemne<\/strong><\/li>\n<li>13:50\u00a0<strong>Baile Vermouth con Discoteca M\u00f3vil<\/strong><\/li>\n<li>14:00<strong> Pincho en la Tasca para todos los vecinos<\/strong><\/li>\n<\/ul>\n","protected":false},"excerpt":{"rendered":"<p>La localidad de Valverde de la Virgen celebrar\u00e1 los d\u00edas 2, 3 y 4 de Agosto sus tradicionales Fiestas de Verano, organizadas por la Junta Vecinal y la Comisi\u00f3n de Fiestas de Valverde de la Virgen. Estas fiestas est\u00e1n pensadas para todas las edades y se han realizado con exquisito mimo para que no no [&hellip;]<\/p>\n","protected":false},"author":1,"featured_media":6566,"comment_status":"closed","ping_status":"closed","sticky":false,"template":"","format":"standard","meta":{"footnotes":""},"categories":[14],"tags":[270,596,473,535,1633,594,366,595,342,502,343],"class_list":["post-6563","post","type-post","status-publish","format-standard","has-post-thumbnail","hentry","category-juventud","tag-camino","tag-chorizada","tag-discoteca","tag-espuma","tag-fiestas","tag-hinchables","tag-infantiles","tag-tasca","tag-valverde","tag-verano","tag-virgen"],"yoast_head":"<!-- This site is optimized with the Yoast SEO plugin v26.9 - https:\/\/yoast.com\/product\/yoast-seo-wordpress\/ -->\n<title>\u00a1\u00a1 Grandes Fiestas en Valverde la Virgen !! - La Virgen del Camino (Le\u00f3n)<\/title>\n<meta name=\"robots\" content=\"index, follow, max-snippet:-1, max-image-preview:large, max-video-preview:-1\" \/>\n<link rel=\"canonical\" href=\"https:\/\/www.lavirgendelcamino.info\/wordpress\/grandes-fiestas-en-valverde-la-virgen\/\" \/>\n<meta property=\"og:locale\" content=\"es_ES\" \/>\n<meta property=\"og:type\" content=\"article\" \/>\n<meta property=\"og:title\" content=\"\u00a1\u00a1 Grandes Fiestas en Valverde la Virgen !! - La Virgen del Camino (Le\u00f3n)\" \/>\n<meta property=\"og:url\" content=\"https:\/\/www.lavirgendelcamino.info\/wordpress\/grandes-fiestas-en-valverde-la-virgen\/\" \/>\n<meta property=\"og:site_name\" content=\"La Virgen del Camino (Le\u00f3n)\" \/>\n<meta property=\"article:publisher\" content=\"http:\/\/www.facebook.com\/ayuntamientovalverdedelavirgen\" \/>\n<meta property=\"article:author\" content=\"http:\/\/www.facebook.com\/victoralvarez7\" \/>\n<meta property=\"article:published_time\" content=\"2013-07-29T18:42:44+00:00\" \/>\n<meta property=\"article:modified_time\" content=\"2013-08-05T11:48:34+00:00\" \/>\n<meta property=\"og:image\" content=\"https:\/\/www.lavirgendelcamino.info\/wordpress\/wp-content\/uploads\/2013\/07\/Iglesia-Valverde-de-la-Virgen-2.jpg\" \/>\n\t<meta property=\"og:image:width\" content=\"632\" \/>\n\t<meta property=\"og:image:height\" content=\"474\" \/>\n\t<meta property=\"og:image:type\" content=\"image\/jpeg\" \/>\n<meta name=\"author\" content=\"V\u00edctor\" \/>\n<meta name=\"twitter:card\" content=\"summary_large_image\" \/>\n<meta name=\"twitter:creator\" content=\"@valverdevirgen\" \/>\n<meta name=\"twitter:site\" content=\"@valverdevirgen\" \/>\n<meta name=\"twitter:label1\" content=\"Escrito por\" \/>\n\t<meta name=\"twitter:data1\" content=\"V\u00edctor\" \/>\n\t<meta name=\"twitter:label2\" content=\"Tiempo de lectura\" \/>\n\t<meta name=\"twitter:data2\" content=\"1 minuto\" \/>\n<script type=\"application\/ld+json\" class=\"yoast-schema-graph\">{\"@context\":\"https:\/\/schema.org\",\"@graph\":[{\"@type\":\"Article\",\"@id\":\"https:\/\/www.lavirgendelcamino.info\/wordpress\/grandes-fiestas-en-valverde-la-virgen\/#article\",\"isPartOf\":{\"@id\":\"https:\/\/www.lavirgendelcamino.info\/wordpress\/grandes-fiestas-en-valverde-la-virgen\/\"},\"author\":{\"name\":\"V\u00edctor\",\"@id\":\"https:\/\/www.lavirgendelcamino.info\/wordpress\/#\/schema\/person\/1cd7bc190e45908cbf77185016bd56e6\"},\"headline\":\"\u00a1\u00a1 Grandes Fiestas en Valverde la Virgen !!\",\"datePublished\":\"2013-07-29T18:42:44+00:00\",\"dateModified\":\"2013-08-05T11:48:34+00:00\",\"mainEntityOfPage\":{\"@id\":\"https:\/\/www.lavirgendelcamino.info\/wordpress\/grandes-fiestas-en-valverde-la-virgen\/\"},\"wordCount\":154,\"publisher\":{\"@id\":\"https:\/\/www.lavirgendelcamino.info\/wordpress\/#organization\"},\"image\":{\"@id\":\"https:\/\/www.lavirgendelcamino.info\/wordpress\/grandes-fiestas-en-valverde-la-virgen\/#primaryimage\"},\"thumbnailUrl\":\"https:\/\/www.lavirgendelcamino.info\/wordpress\/wp-content\/uploads\/2013\/07\/Iglesia-Valverde-de-la-Virgen-2.jpg\",\"keywords\":[\"camino\",\"Chorizada\",\"Discoteca\",\"Espuma\",\"Fiestas\",\"Hinchables\",\"Infantiles\",\"Tasca\",\"Valverde\",\"Verano\",\"Virgen\"],\"articleSection\":[\"Juventud\"],\"inLanguage\":\"es\"},{\"@type\":\"WebPage\",\"@id\":\"https:\/\/www.lavirgendelcamino.info\/wordpress\/grandes-fiestas-en-valverde-la-virgen\/\",\"url\":\"https:\/\/www.lavirgendelcamino.info\/wordpress\/grandes-fiestas-en-valverde-la-virgen\/\",\"name\":\"\u00a1\u00a1 Grandes Fiestas en Valverde la Virgen !! - La Virgen del Camino (Le\u00f3n)\",\"isPartOf\":{\"@id\":\"https:\/\/www.lavirgendelcamino.info\/wordpress\/#website\"},\"primaryImageOfPage\":{\"@id\":\"https:\/\/www.lavirgendelcamino.info\/wordpress\/grandes-fiestas-en-valverde-la-virgen\/#primaryimage\"},\"image\":{\"@id\":\"https:\/\/www.lavirgendelcamino.info\/wordpress\/grandes-fiestas-en-valverde-la-virgen\/#primaryimage\"},\"thumbnailUrl\":\"https:\/\/www.lavirgendelcamino.info\/wordpress\/wp-content\/uploads\/2013\/07\/Iglesia-Valverde-de-la-Virgen-2.jpg\",\"datePublished\":\"2013-07-29T18:42:44+00:00\",\"dateModified\":\"2013-08-05T11:48:34+00:00\",\"breadcrumb\":{\"@id\":\"https:\/\/www.lavirgendelcamino.info\/wordpress\/grandes-fiestas-en-valverde-la-virgen\/#breadcrumb\"},\"inLanguage\":\"es\",\"potentialAction\":[{\"@type\":\"ReadAction\",\"target\":[\"https:\/\/www.lavirgendelcamino.info\/wordpress\/grandes-fiestas-en-valverde-la-virgen\/\"]}]},{\"@type\":\"ImageObject\",\"inLanguage\":\"es\",\"@id\":\"https:\/\/www.lavirgendelcamino.info\/wordpress\/grandes-fiestas-en-valverde-la-virgen\/#primaryimage\",\"url\":\"https:\/\/www.lavirgendelcamino.info\/wordpress\/wp-content\/uploads\/2013\/07\/Iglesia-Valverde-de-la-Virgen-2.jpg\",\"contentUrl\":\"https:\/\/www.lavirgendelcamino.info\/wordpress\/wp-content\/uploads\/2013\/07\/Iglesia-Valverde-de-la-Virgen-2.jpg\",\"width\":632,\"height\":474},{\"@type\":\"BreadcrumbList\",\"@id\":\"https:\/\/www.lavirgendelcamino.info\/wordpress\/grandes-fiestas-en-valverde-la-virgen\/#breadcrumb\",\"itemListElement\":[{\"@type\":\"ListItem\",\"position\":1,\"name\":\"Portada\",\"item\":\"https:\/\/www.lavirgendelcamino.info\/wordpress\/\"},{\"@type\":\"ListItem\",\"position\":2,\"name\":\"\u00a1\u00a1 Grandes Fiestas en Valverde la Virgen !!\"}]},{\"@type\":\"WebSite\",\"@id\":\"https:\/\/www.lavirgendelcamino.info\/wordpress\/#website\",\"url\":\"https:\/\/www.lavirgendelcamino.info\/wordpress\/\",\"name\":\"La Virgen del Camino (Le\u00f3n)\",\"description\":\"Sitio Web Oficial\",\"publisher\":{\"@id\":\"https:\/\/www.lavirgendelcamino.info\/wordpress\/#organization\"},\"potentialAction\":[{\"@type\":\"SearchAction\",\"target\":{\"@type\":\"EntryPoint\",\"urlTemplate\":\"https:\/\/www.lavirgendelcamino.info\/wordpress\/?s={search_term_string}\"},\"query-input\":{\"@type\":\"PropertyValueSpecification\",\"valueRequired\":true,\"valueName\":\"search_term_string\"}}],\"inLanguage\":\"es\"},{\"@type\":\"Organization\",\"@id\":\"https:\/\/www.lavirgendelcamino.info\/wordpress\/#organization\",\"name\":\"Ayuntamiento de Valverde de la Virgen\",\"url\":\"https:\/\/www.lavirgendelcamino.info\/wordpress\/\",\"logo\":{\"@type\":\"ImageObject\",\"inLanguage\":\"es\",\"@id\":\"https:\/\/www.lavirgendelcamino.info\/wordpress\/#\/schema\/logo\/image\/\",\"url\":\"https:\/\/www.lavirgendelcamino.info\/wordpress\/wp-content\/uploads\/2015\/07\/aytovalverdevector.png\",\"contentUrl\":\"https:\/\/www.lavirgendelcamino.info\/wordpress\/wp-content\/uploads\/2015\/07\/aytovalverdevector.png\",\"width\":371,\"height\":429,\"caption\":\"Ayuntamiento de Valverde de la Virgen\"},\"image\":{\"@id\":\"https:\/\/www.lavirgendelcamino.info\/wordpress\/#\/schema\/logo\/image\/\"},\"sameAs\":[\"http:\/\/www.facebook.com\/ayuntamientovalverdedelavirgen\",\"https:\/\/x.com\/valverdevirgen\",\"http:\/\/www.instagram.com\/valverdevirgen\/\"]},{\"@type\":\"Person\",\"@id\":\"https:\/\/www.lavirgendelcamino.info\/wordpress\/#\/schema\/person\/1cd7bc190e45908cbf77185016bd56e6\",\"name\":\"V\u00edctor\",\"image\":{\"@type\":\"ImageObject\",\"inLanguage\":\"es\",\"@id\":\"https:\/\/www.lavirgendelcamino.info\/wordpress\/#\/schema\/person\/image\/\",\"url\":\"https:\/\/www.lavirgendelcamino.info\/wordpress\/wp-content\/uploads\/2023\/11\/346858673_790228009105456_5108495650941352509_n-150x150.jpg\",\"contentUrl\":\"https:\/\/www.lavirgendelcamino.info\/wordpress\/wp-content\/uploads\/2023\/11\/346858673_790228009105456_5108495650941352509_n-150x150.jpg\",\"caption\":\"V\u00edctor\"},\"sameAs\":[\"http:\/\/www.lavirgendelcamino.info\",\"http:\/\/www.facebook.com\/victoralvarez7\",\"http:\/\/instagram.com\/victoralfer\/\",\"https:\/\/x.com\/@valverdevirgen\",\"http:\/\/www.youtube.com\/user\/victoralfer\"],\"url\":\"https:\/\/www.lavirgendelcamino.info\/wordpress\/author\/victoralfer\/\"}]}<\/script>\n<!-- \/ Yoast SEO plugin. -->","yoast_head_json":{"title":"\u00a1\u00a1 Grandes Fiestas en Valverde la Virgen !! - La Virgen del Camino (Le\u00f3n)","robots":{"index":"index","follow":"follow","max-snippet":"max-snippet:-1","max-image-preview":"max-image-preview:large","max-video-preview":"max-video-preview:-1"},"canonical":"https:\/\/www.lavirgendelcamino.info\/wordpress\/grandes-fiestas-en-valverde-la-virgen\/","og_locale":"es_ES","og_type":"article","og_title":"\u00a1\u00a1 Grandes Fiestas en Valverde la Virgen !! - La Virgen del Camino (Le\u00f3n)","og_url":"https:\/\/www.lavirgendelcamino.info\/wordpress\/grandes-fiestas-en-valverde-la-virgen\/","og_site_name":"La Virgen del Camino (Le\u00f3n)","article_publisher":"http:\/\/www.facebook.com\/ayuntamientovalverdedelavirgen","article_author":"http:\/\/www.facebook.com\/victoralvarez7","article_published_time":"2013-07-29T18:42:44+00:00","article_modified_time":"2013-08-05T11:48:34+00:00","og_image":[{"width":632,"height":474,"url":"https:\/\/www.lavirgendelcamino.info\/wordpress\/wp-content\/uploads\/2013\/07\/Iglesia-Valverde-de-la-Virgen-2.jpg","type":"image\/jpeg"}],"author":"V\u00edctor","twitter_card":"summary_large_image","twitter_creator":"@valverdevirgen","twitter_site":"@valverdevirgen","twitter_misc":{"Escrito por":"V\u00edctor","Tiempo de lectura":"1 minuto"},"schema":{"@context":"https:\/\/schema.org","@graph":[{"@type":"Article","@id":"https:\/\/www.lavirgendelcamino.info\/wordpress\/grandes-fiestas-en-valverde-la-virgen\/#article","isPartOf":{"@id":"https:\/\/www.lavirgendelcamino.info\/wordpress\/grandes-fiestas-en-valverde-la-virgen\/"},"author":{"name":"V\u00edctor","@id":"https:\/\/www.lavirgendelcamino.info\/wordpress\/#\/schema\/person\/1cd7bc190e45908cbf77185016bd56e6"},"headline":"\u00a1\u00a1 Grandes Fiestas en Valverde la Virgen !!","datePublished":"2013-07-29T18:42:44+00:00","dateModified":"2013-08-05T11:48:34+00:00","mainEntityOfPage":{"@id":"https:\/\/www.lavirgendelcamino.info\/wordpress\/grandes-fiestas-en-valverde-la-virgen\/"},"wordCount":154,"publisher":{"@id":"https:\/\/www.lavirgendelcamino.info\/wordpress\/#organization"},"image":{"@id":"https:\/\/www.lavirgendelcamino.info\/wordpress\/grandes-fiestas-en-valverde-la-virgen\/#primaryimage"},"thumbnailUrl":"https:\/\/www.lavirgendelcamino.info\/wordpress\/wp-content\/uploads\/2013\/07\/Iglesia-Valverde-de-la-Virgen-2.jpg","keywords":["camino","Chorizada","Discoteca","Espuma","Fiestas","Hinchables","Infantiles","Tasca","Valverde","Verano","Virgen"],"articleSection":["Juventud"],"inLanguage":"es"},{"@type":"WebPage","@id":"https:\/\/www.lavirgendelcamino.info\/wordpress\/grandes-fiestas-en-valverde-la-virgen\/","url":"https:\/\/www.lavirgendelcamino.info\/wordpress\/grandes-fiestas-en-valverde-la-virgen\/","name":"\u00a1\u00a1 Grandes Fiestas en Valverde la Virgen !! - La Virgen del Camino (Le\u00f3n)","isPartOf":{"@id":"https:\/\/www.lavirgendelcamino.info\/wordpress\/#website"},"primaryImageOfPage":{"@id":"https:\/\/www.lavirgendelcamino.info\/wordpress\/grandes-fiestas-en-valverde-la-virgen\/#primaryimage"},"image":{"@id":"https:\/\/www.lavirgendelcamino.info\/wordpress\/grandes-fiestas-en-valverde-la-virgen\/#primaryimage"},"thumbnailUrl":"https:\/\/www.lavirgendelcamino.info\/wordpress\/wp-content\/uploads\/2013\/07\/Iglesia-Valverde-de-la-Virgen-2.jpg","datePublished":"2013-07-29T18:42:44+00:00","dateModified":"2013-08-05T11:48:34+00:00","breadcrumb":{"@id":"https:\/\/www.lavirgendelcamino.info\/wordpress\/grandes-fiestas-en-valverde-la-virgen\/#breadcrumb"},"inLanguage":"es","potentialAction":[{"@type":"ReadAction","target":["https:\/\/www.lavirgendelcamino.info\/wordpress\/grandes-fiestas-en-valverde-la-virgen\/"]}]},{"@type":"ImageObject","inLanguage":"es","@id":"https:\/\/www.lavirgendelcamino.info\/wordpress\/grandes-fiestas-en-valverde-la-virgen\/#primaryimage","url":"https:\/\/www.lavirgendelcamino.info\/wordpress\/wp-content\/uploads\/2013\/07\/Iglesia-Valverde-de-la-Virgen-2.jpg","contentUrl":"https:\/\/www.lavirgendelcamino.info\/wordpress\/wp-content\/uploads\/2013\/07\/Iglesia-Valverde-de-la-Virgen-2.jpg","width":632,"height":474},{"@type":"BreadcrumbList","@id":"https:\/\/www.lavirgendelcamino.info\/wordpress\/grandes-fiestas-en-valverde-la-virgen\/#breadcrumb","itemListElement":[{"@type":"ListItem","position":1,"name":"Portada","item":"https:\/\/www.lavirgendelcamino.info\/wordpress\/"},{"@type":"ListItem","position":2,"name":"\u00a1\u00a1 Grandes Fiestas en Valverde la Virgen !!"}]},{"@type":"WebSite","@id":"https:\/\/www.lavirgendelcamino.info\/wordpress\/#website","url":"https:\/\/www.lavirgendelcamino.info\/wordpress\/","name":"La Virgen del Camino (Le\u00f3n)","description":"Sitio Web Oficial","publisher":{"@id":"https:\/\/www.lavirgendelcamino.info\/wordpress\/#organization"},"potentialAction":[{"@type":"SearchAction","target":{"@type":"EntryPoint","urlTemplate":"https:\/\/www.lavirgendelcamino.info\/wordpress\/?s={search_term_string}"},"query-input":{"@type":"PropertyValueSpecification","valueRequired":true,"valueName":"search_term_string"}}],"inLanguage":"es"},{"@type":"Organization","@id":"https:\/\/www.lavirgendelcamino.info\/wordpress\/#organization","name":"Ayuntamiento de Valverde de la Virgen","url":"https:\/\/www.lavirgendelcamino.info\/wordpress\/","logo":{"@type":"ImageObject","inLanguage":"es","@id":"https:\/\/www.lavirgendelcamino.info\/wordpress\/#\/schema\/logo\/image\/","url":"https:\/\/www.lavirgendelcamino.info\/wordpress\/wp-content\/uploads\/2015\/07\/aytovalverdevector.png","contentUrl":"https:\/\/www.lavirgendelcamino.info\/wordpress\/wp-content\/uploads\/2015\/07\/aytovalverdevector.png","width":371,"height":429,"caption":"Ayuntamiento de Valverde de la Virgen"},"image":{"@id":"https:\/\/www.lavirgendelcamino.info\/wordpress\/#\/schema\/logo\/image\/"},"sameAs":["http:\/\/www.facebook.com\/ayuntamientovalverdedelavirgen","https:\/\/x.com\/valverdevirgen","http:\/\/www.instagram.com\/valverdevirgen\/"]},{"@type":"Person","@id":"https:\/\/www.lavirgendelcamino.info\/wordpress\/#\/schema\/person\/1cd7bc190e45908cbf77185016bd56e6","name":"V\u00edctor","image":{"@type":"ImageObject","inLanguage":"es","@id":"https:\/\/www.lavirgendelcamino.info\/wordpress\/#\/schema\/person\/image\/","url":"https:\/\/www.lavirgendelcamino.info\/wordpress\/wp-content\/uploads\/2023\/11\/346858673_790228009105456_5108495650941352509_n-150x150.jpg","contentUrl":"https:\/\/www.lavirgendelcamino.info\/wordpress\/wp-content\/uploads\/2023\/11\/346858673_790228009105456_5108495650941352509_n-150x150.jpg","caption":"V\u00edctor"},"sameAs":["http:\/\/www.lavirgendelcamino.info","http:\/\/www.facebook.com\/victoralvarez7","http:\/\/instagram.com\/victoralfer\/","https:\/\/x.com\/@valverdevirgen","http:\/\/www.youtube.com\/user\/victoralfer"],"url":"https:\/\/www.lavirgendelcamino.info\/wordpress\/author\/victoralfer\/"}]}},"_links":{"self":[{"href":"https:\/\/www.lavirgendelcamino.info\/wordpress\/wp-json\/wp\/v2\/posts\/6563","targetHints":{"allow":["GET"]}}],"collection":[{"href":"https:\/\/www.lavirgendelcamino.info\/wordpress\/wp-json\/wp\/v2\/posts"}],"about":[{"href":"https:\/\/www.lavirgendelcamino.info\/wordpress\/wp-json\/wp\/v2\/types\/post"}],"author":[{"embeddable":true,"href":"https:\/\/www.lavirgendelcamino.info\/wordpress\/wp-json\/wp\/v2\/users\/1"}],"replies":[{"embeddable":true,"href":"https:\/\/www.lavirgendelcamino.info\/wordpress\/wp-json\/wp\/v2\/comments?post=6563"}],"version-history":[{"count":0,"href":"https:\/\/www.lavirgendelcamino.info\/wordpress\/wp-json\/wp\/v2\/posts\/6563\/revisions"}],"wp:featuredmedia":[{"embeddable":true,"href":"https:\/\/www.lavirgendelcamino.info\/wordpress\/wp-json\/wp\/v2\/media\/6566"}],"wp:attachment":[{"href":"https:\/\/www.lavirgendelcamino.info\/wordpress\/wp-json\/wp\/v2\/media?parent=6563"}],"wp:term":[{"taxonomy":"category","embeddable":true,"href":"https:\/\/www.lavirgendelcamino.info\/wordpress\/wp-json\/wp\/v2\/categories?post=6563"},{"taxonomy":"post_tag","embeddable":true,"href":"https:\/\/www.lavirgendelcamino.info\/wordpress\/wp-json\/wp\/v2\/tags?post=6563"}],"curies":[{"name":"wp","href":"https:\/\/api.w.org\/{rel}","templated":true}]}}