{"id":65648,"date":"2024-12-17T17:50:05","date_gmt":"2024-12-17T16:50:05","guid":{"rendered":"https:\/\/www.lavirgendelcamino.info\/wordpress\/?p=65648"},"modified":"2024-12-17T17:50:07","modified_gmt":"2024-12-17T16:50:07","slug":"la-virgen-del-camino-presenta-sus-campamentos-de-navidad","status":"publish","type":"post","link":"https:\/\/www.lavirgendelcamino.info\/wordpress\/la-virgen-del-camino-presenta-sus-campamentos-de-navidad\/","title":{"rendered":"La Virgen del Camino presenta sus campamentos de Navidad"},"content":{"rendered":"\n<figure class=\"wp-block-gallery has-nested-images columns-default is-cropped wp-block-gallery-1 is-layout-flex wp-block-gallery-is-layout-flex\">\n<figure class=\"wp-block-image size-large\"><a href=\"https:\/\/www.lavirgendelcamino.info\/wordpress\/wp-content\/uploads\/2024\/12\/PHOTO-2024-12-10-11-32-55.jpg\"><img data-dominant-color=\"c6927b\" data-has-transparency=\"false\" style=\"--dominant-color: #c6927b;\" loading=\"lazy\" decoding=\"async\" width=\"724\" height=\"1024\" data-id=\"65649\" src=\"https:\/\/www.lavirgendelcamino.info\/wordpress\/wp-content\/uploads\/2024\/12\/PHOTO-2024-12-10-11-32-55-724x1024.jpg\" alt=\"\" class=\"wp-image-65649 not-transparent\" srcset=\"https:\/\/www.lavirgendelcamino.info\/wordpress\/wp-content\/uploads\/2024\/12\/PHOTO-2024-12-10-11-32-55-724x1024.jpg 724w, https:\/\/www.lavirgendelcamino.info\/wordpress\/wp-content\/uploads\/2024\/12\/PHOTO-2024-12-10-11-32-55-212x300.jpg 212w, https:\/\/www.lavirgendelcamino.info\/wordpress\/wp-content\/uploads\/2024\/12\/PHOTO-2024-12-10-11-32-55-768x1086.jpg 768w, https:\/\/www.lavirgendelcamino.info\/wordpress\/wp-content\/uploads\/2024\/12\/PHOTO-2024-12-10-11-32-55-1086x1536.jpg 1086w, https:\/\/www.lavirgendelcamino.info\/wordpress\/wp-content\/uploads\/2024\/12\/PHOTO-2024-12-10-11-32-55-150x212.jpg 150w, https:\/\/www.lavirgendelcamino.info\/wordpress\/wp-content\/uploads\/2024\/12\/PHOTO-2024-12-10-11-32-55-300x424.jpg 300w, https:\/\/www.lavirgendelcamino.info\/wordpress\/wp-content\/uploads\/2024\/12\/PHOTO-2024-12-10-11-32-55-696x985.jpg 696w, https:\/\/www.lavirgendelcamino.info\/wordpress\/wp-content\/uploads\/2024\/12\/PHOTO-2024-12-10-11-32-55-1068x1511.jpg 1068w, https:\/\/www.lavirgendelcamino.info\/wordpress\/wp-content\/uploads\/2024\/12\/PHOTO-2024-12-10-11-32-55-297x420.jpg 297w, https:\/\/www.lavirgendelcamino.info\/wordpress\/wp-content\/uploads\/2024\/12\/PHOTO-2024-12-10-11-32-55.jpg 1131w\" sizes=\"auto, (max-width: 724px) 100vw, 724px\" \/><\/a><\/figure>\n<\/figure>\n\n\n\n<p>La Concejal\u00eda de Juventud de Valverde de la Virgen pone en marcha un a\u00f1o m\u00e1s los&nbsp;<strong>Campamentos de Navidad<\/strong>&nbsp;para ni\u00f1@s en edades comprendidas entre los 3 y 12 a\u00f1os, en horario de 09:00 a 14:00 horas.<\/p>\n\n\n\n<p>Los campamentos estar\u00e1n organizados en grupos de edad bien diferenciados, por un lado los ni\u00f1@s de 3 a 5 a\u00f1os que disfrutar\u00e1n de talleres navide\u00f1os, animaciones musicales, cuentacuentos, adem\u00e1s de juegos pensados para su edad dentro del&nbsp;<strong>Campamento Peque Navidad<\/strong>.<\/p>\n\n\n\n<p>Los \u2018mayores\u2019 tendr\u00e1n una oferta de actividades muy amplia dentro del&nbsp;<strong>Campamento Urbano de Navidad<\/strong>, en el cual practicar\u00e1n muchas disciplinas deportivas\u2026 que se combinar\u00e1n con la Pista de Hielo Ecol\u00f3gico, Piscina, Ocio, as\u00ed como Talleres Creativos y de Animaci\u00f3n a la Lectura.<\/p>\n\n\n\n<h4 class=\"wp-block-heading\"><strong>PLAZOS DE INSCRIPCI\u00d3N:<\/strong><\/h4>\n\n\n\n<h4 class=\"wp-block-heading\"><strong>TURNOS&nbsp;CAMPAMENTOS DE NAVIDAD<\/strong><\/h4>\n\n\n\n<ul class=\"wp-block-list\">\n<li>1\u00ba Turno: 23, 24,26 y 27 de Diciembre \u2013 25 \u20ac EMP \u2013 35 \u20ac No EMP<\/li>\n\n\n\n<li>2\u00ba Turno: 30, 31, 2 y 3 Enero  \u2013 25 \u20ac EMP \u2013 35 \u20ac No EMP<\/li>\n\n\n\n<li>3\u00ba Turno: 7 de Enero &#8211; 5\u20ac EMP &#8211; 15\u20ac NO EMP<\/li>\n<\/ul>\n","protected":false},"excerpt":{"rendered":"<p>La Concejal\u00eda de Juventud de Valverde de la Virgen pone en marcha un a\u00f1o m\u00e1s los&nbsp;Campamentos de Navidad&nbsp;para ni\u00f1@s en edades comprendidas entre los 3 y 12 a\u00f1os, en horario de 09:00 a 14:00 horas. Los campamentos estar\u00e1n organizados en grupos de edad bien diferenciados, por un lado los ni\u00f1@s de 3 a 5 a\u00f1os [&hellip;]<\/p>\n","protected":false},"author":13,"featured_media":65649,"comment_status":"closed","ping_status":"closed","sticky":false,"template":"","format":"gallery","meta":{"footnotes":""},"categories":[1681],"tags":[380,214,281,139,342],"class_list":["post-65648","post","type-post","status-publish","format-gallery","has-post-thumbnail","hentry","category-ayuntamiento-informa","tag-infantil","tag-la-virgen-del-camino","tag-leon","tag-navidad","tag-valverde","post_format-post-format-gallery"],"yoast_head":"<!-- This site is optimized with the Yoast SEO plugin v26.9 - https:\/\/yoast.com\/product\/yoast-seo-wordpress\/ -->\n<title>La Virgen del Camino presenta sus campamentos de Navidad - La Virgen del Camino (Le\u00f3n)<\/title>\n<meta name=\"robots\" content=\"index, follow, max-snippet:-1, max-image-preview:large, max-video-preview:-1\" \/>\n<link rel=\"canonical\" href=\"https:\/\/www.lavirgendelcamino.info\/wordpress\/la-virgen-del-camino-presenta-sus-campamentos-de-navidad\/\" \/>\n<meta property=\"og:locale\" content=\"es_ES\" \/>\n<meta property=\"og:type\" content=\"article\" \/>\n<meta property=\"og:title\" content=\"La Virgen del Camino presenta sus campamentos de Navidad - La Virgen del Camino (Le\u00f3n)\" \/>\n<meta property=\"og:url\" content=\"https:\/\/www.lavirgendelcamino.info\/wordpress\/la-virgen-del-camino-presenta-sus-campamentos-de-navidad\/\" \/>\n<meta property=\"og:site_name\" content=\"La Virgen del Camino (Le\u00f3n)\" \/>\n<meta property=\"article:publisher\" content=\"http:\/\/www.facebook.com\/ayuntamientovalverdedelavirgen\" \/>\n<meta property=\"article:published_time\" content=\"2024-12-17T16:50:05+00:00\" \/>\n<meta property=\"article:modified_time\" content=\"2024-12-17T16:50:07+00:00\" \/>\n<meta property=\"og:image\" content=\"https:\/\/www.lavirgendelcamino.info\/wordpress\/wp-content\/uploads\/2024\/12\/PHOTO-2024-12-10-11-32-55.jpg\" \/>\n\t<meta property=\"og:image:width\" content=\"1131\" \/>\n\t<meta property=\"og:image:height\" content=\"1600\" \/>\n\t<meta property=\"og:image:type\" content=\"image\/jpeg\" \/>\n<meta name=\"author\" content=\"Usuario\" \/>\n<meta name=\"twitter:card\" content=\"summary_large_image\" \/>\n<meta name=\"twitter:creator\" content=\"@valverdevirgen\" \/>\n<meta name=\"twitter:site\" content=\"@valverdevirgen\" \/>\n<meta name=\"twitter:label1\" content=\"Escrito por\" \/>\n\t<meta name=\"twitter:data1\" content=\"Usuario\" \/>\n\t<meta name=\"twitter:label2\" content=\"Tiempo de lectura\" \/>\n\t<meta name=\"twitter:data2\" content=\"2 minutos\" \/>\n<script type=\"application\/ld+json\" class=\"yoast-schema-graph\">{\"@context\":\"https:\/\/schema.org\",\"@graph\":[{\"@type\":\"Article\",\"@id\":\"https:\/\/www.lavirgendelcamino.info\/wordpress\/la-virgen-del-camino-presenta-sus-campamentos-de-navidad\/#article\",\"isPartOf\":{\"@id\":\"https:\/\/www.lavirgendelcamino.info\/wordpress\/la-virgen-del-camino-presenta-sus-campamentos-de-navidad\/\"},\"author\":{\"name\":\"Usuario\",\"@id\":\"https:\/\/www.lavirgendelcamino.info\/wordpress\/#\/schema\/person\/039691a3b3ac536255a15e531f809f60\"},\"headline\":\"La Virgen del Camino presenta sus campamentos de Navidad\",\"datePublished\":\"2024-12-17T16:50:05+00:00\",\"dateModified\":\"2024-12-17T16:50:07+00:00\",\"mainEntityOfPage\":{\"@id\":\"https:\/\/www.lavirgendelcamino.info\/wordpress\/la-virgen-del-camino-presenta-sus-campamentos-de-navidad\/\"},\"wordCount\":173,\"publisher\":{\"@id\":\"https:\/\/www.lavirgendelcamino.info\/wordpress\/#organization\"},\"image\":{\"@id\":\"https:\/\/www.lavirgendelcamino.info\/wordpress\/la-virgen-del-camino-presenta-sus-campamentos-de-navidad\/#primaryimage\"},\"thumbnailUrl\":\"https:\/\/www.lavirgendelcamino.info\/wordpress\/wp-content\/uploads\/2024\/12\/PHOTO-2024-12-10-11-32-55.jpg\",\"keywords\":[\"Infantil\",\"La Virgen del Camino\",\"leon\",\"Navidad\",\"Valverde\"],\"articleSection\":[\"Ayuntamiento Informa\"],\"inLanguage\":\"es\"},{\"@type\":\"WebPage\",\"@id\":\"https:\/\/www.lavirgendelcamino.info\/wordpress\/la-virgen-del-camino-presenta-sus-campamentos-de-navidad\/\",\"url\":\"https:\/\/www.lavirgendelcamino.info\/wordpress\/la-virgen-del-camino-presenta-sus-campamentos-de-navidad\/\",\"name\":\"La Virgen del Camino presenta sus campamentos de Navidad - La Virgen del Camino (Le\u00f3n)\",\"isPartOf\":{\"@id\":\"https:\/\/www.lavirgendelcamino.info\/wordpress\/#website\"},\"primaryImageOfPage\":{\"@id\":\"https:\/\/www.lavirgendelcamino.info\/wordpress\/la-virgen-del-camino-presenta-sus-campamentos-de-navidad\/#primaryimage\"},\"image\":{\"@id\":\"https:\/\/www.lavirgendelcamino.info\/wordpress\/la-virgen-del-camino-presenta-sus-campamentos-de-navidad\/#primaryimage\"},\"thumbnailUrl\":\"https:\/\/www.lavirgendelcamino.info\/wordpress\/wp-content\/uploads\/2024\/12\/PHOTO-2024-12-10-11-32-55.jpg\",\"datePublished\":\"2024-12-17T16:50:05+00:00\",\"dateModified\":\"2024-12-17T16:50:07+00:00\",\"breadcrumb\":{\"@id\":\"https:\/\/www.lavirgendelcamino.info\/wordpress\/la-virgen-del-camino-presenta-sus-campamentos-de-navidad\/#breadcrumb\"},\"inLanguage\":\"es\",\"potentialAction\":[{\"@type\":\"ReadAction\",\"target\":[\"https:\/\/www.lavirgendelcamino.info\/wordpress\/la-virgen-del-camino-presenta-sus-campamentos-de-navidad\/\"]}]},{\"@type\":\"ImageObject\",\"inLanguage\":\"es\",\"@id\":\"https:\/\/www.lavirgendelcamino.info\/wordpress\/la-virgen-del-camino-presenta-sus-campamentos-de-navidad\/#primaryimage\",\"url\":\"https:\/\/www.lavirgendelcamino.info\/wordpress\/wp-content\/uploads\/2024\/12\/PHOTO-2024-12-10-11-32-55.jpg\",\"contentUrl\":\"https:\/\/www.lavirgendelcamino.info\/wordpress\/wp-content\/uploads\/2024\/12\/PHOTO-2024-12-10-11-32-55.jpg\",\"width\":1131,\"height\":1600},{\"@type\":\"BreadcrumbList\",\"@id\":\"https:\/\/www.lavirgendelcamino.info\/wordpress\/la-virgen-del-camino-presenta-sus-campamentos-de-navidad\/#breadcrumb\",\"itemListElement\":[{\"@type\":\"ListItem\",\"position\":1,\"name\":\"Portada\",\"item\":\"https:\/\/www.lavirgendelcamino.info\/wordpress\/\"},{\"@type\":\"ListItem\",\"position\":2,\"name\":\"La Virgen del Camino presenta sus campamentos de Navidad\"}]},{\"@type\":\"WebSite\",\"@id\":\"https:\/\/www.lavirgendelcamino.info\/wordpress\/#website\",\"url\":\"https:\/\/www.lavirgendelcamino.info\/wordpress\/\",\"name\":\"La Virgen del Camino (Le\u00f3n)\",\"description\":\"Sitio Web Oficial\",\"publisher\":{\"@id\":\"https:\/\/www.lavirgendelcamino.info\/wordpress\/#organization\"},\"potentialAction\":[{\"@type\":\"SearchAction\",\"target\":{\"@type\":\"EntryPoint\",\"urlTemplate\":\"https:\/\/www.lavirgendelcamino.info\/wordpress\/?s={search_term_string}\"},\"query-input\":{\"@type\":\"PropertyValueSpecification\",\"valueRequired\":true,\"valueName\":\"search_term_string\"}}],\"inLanguage\":\"es\"},{\"@type\":\"Organization\",\"@id\":\"https:\/\/www.lavirgendelcamino.info\/wordpress\/#organization\",\"name\":\"Ayuntamiento de Valverde de la Virgen\",\"url\":\"https:\/\/www.lavirgendelcamino.info\/wordpress\/\",\"logo\":{\"@type\":\"ImageObject\",\"inLanguage\":\"es\",\"@id\":\"https:\/\/www.lavirgendelcamino.info\/wordpress\/#\/schema\/logo\/image\/\",\"url\":\"https:\/\/www.lavirgendelcamino.info\/wordpress\/wp-content\/uploads\/2015\/07\/aytovalverdevector.png\",\"contentUrl\":\"https:\/\/www.lavirgendelcamino.info\/wordpress\/wp-content\/uploads\/2015\/07\/aytovalverdevector.png\",\"width\":371,\"height\":429,\"caption\":\"Ayuntamiento de Valverde de la Virgen\"},\"image\":{\"@id\":\"https:\/\/www.lavirgendelcamino.info\/wordpress\/#\/schema\/logo\/image\/\"},\"sameAs\":[\"http:\/\/www.facebook.com\/ayuntamientovalverdedelavirgen\",\"https:\/\/x.com\/valverdevirgen\",\"http:\/\/www.instagram.com\/valverdevirgen\/\"]},{\"@type\":\"Person\",\"@id\":\"https:\/\/www.lavirgendelcamino.info\/wordpress\/#\/schema\/person\/039691a3b3ac536255a15e531f809f60\",\"name\":\"Usuario\",\"image\":{\"@type\":\"ImageObject\",\"inLanguage\":\"es\",\"@id\":\"https:\/\/www.lavirgendelcamino.info\/wordpress\/#\/schema\/person\/image\/\",\"url\":\"https:\/\/secure.gravatar.com\/avatar\/fa9d63c30fb09cd53bfaf2571b753cfdbaacb18ea67fe9005112648b4ee4722c?s=96&d=mm&r=g\",\"contentUrl\":\"https:\/\/secure.gravatar.com\/avatar\/fa9d63c30fb09cd53bfaf2571b753cfdbaacb18ea67fe9005112648b4ee4722c?s=96&d=mm&r=g\",\"caption\":\"Usuario\"},\"url\":\"https:\/\/www.lavirgendelcamino.info\/wordpress\/author\/usuario\/\"}]}<\/script>\n<!-- \/ Yoast SEO plugin. -->","yoast_head_json":{"title":"La Virgen del Camino presenta sus campamentos de Navidad - La Virgen del Camino (Le\u00f3n)","robots":{"index":"index","follow":"follow","max-snippet":"max-snippet:-1","max-image-preview":"max-image-preview:large","max-video-preview":"max-video-preview:-1"},"canonical":"https:\/\/www.lavirgendelcamino.info\/wordpress\/la-virgen-del-camino-presenta-sus-campamentos-de-navidad\/","og_locale":"es_ES","og_type":"article","og_title":"La Virgen del Camino presenta sus campamentos de Navidad - La Virgen del Camino (Le\u00f3n)","og_url":"https:\/\/www.lavirgendelcamino.info\/wordpress\/la-virgen-del-camino-presenta-sus-campamentos-de-navidad\/","og_site_name":"La Virgen del Camino (Le\u00f3n)","article_publisher":"http:\/\/www.facebook.com\/ayuntamientovalverdedelavirgen","article_published_time":"2024-12-17T16:50:05+00:00","article_modified_time":"2024-12-17T16:50:07+00:00","og_image":[{"width":1131,"height":1600,"url":"https:\/\/www.lavirgendelcamino.info\/wordpress\/wp-content\/uploads\/2024\/12\/PHOTO-2024-12-10-11-32-55.jpg","type":"image\/jpeg"}],"author":"Usuario","twitter_card":"summary_large_image","twitter_creator":"@valverdevirgen","twitter_site":"@valverdevirgen","twitter_misc":{"Escrito por":"Usuario","Tiempo de lectura":"2 minutos"},"schema":{"@context":"https:\/\/schema.org","@graph":[{"@type":"Article","@id":"https:\/\/www.lavirgendelcamino.info\/wordpress\/la-virgen-del-camino-presenta-sus-campamentos-de-navidad\/#article","isPartOf":{"@id":"https:\/\/www.lavirgendelcamino.info\/wordpress\/la-virgen-del-camino-presenta-sus-campamentos-de-navidad\/"},"author":{"name":"Usuario","@id":"https:\/\/www.lavirgendelcamino.info\/wordpress\/#\/schema\/person\/039691a3b3ac536255a15e531f809f60"},"headline":"La Virgen del Camino presenta sus campamentos de Navidad","datePublished":"2024-12-17T16:50:05+00:00","dateModified":"2024-12-17T16:50:07+00:00","mainEntityOfPage":{"@id":"https:\/\/www.lavirgendelcamino.info\/wordpress\/la-virgen-del-camino-presenta-sus-campamentos-de-navidad\/"},"wordCount":173,"publisher":{"@id":"https:\/\/www.lavirgendelcamino.info\/wordpress\/#organization"},"image":{"@id":"https:\/\/www.lavirgendelcamino.info\/wordpress\/la-virgen-del-camino-presenta-sus-campamentos-de-navidad\/#primaryimage"},"thumbnailUrl":"https:\/\/www.lavirgendelcamino.info\/wordpress\/wp-content\/uploads\/2024\/12\/PHOTO-2024-12-10-11-32-55.jpg","keywords":["Infantil","La Virgen del Camino","leon","Navidad","Valverde"],"articleSection":["Ayuntamiento Informa"],"inLanguage":"es"},{"@type":"WebPage","@id":"https:\/\/www.lavirgendelcamino.info\/wordpress\/la-virgen-del-camino-presenta-sus-campamentos-de-navidad\/","url":"https:\/\/www.lavirgendelcamino.info\/wordpress\/la-virgen-del-camino-presenta-sus-campamentos-de-navidad\/","name":"La Virgen del Camino presenta sus campamentos de Navidad - La Virgen del Camino (Le\u00f3n)","isPartOf":{"@id":"https:\/\/www.lavirgendelcamino.info\/wordpress\/#website"},"primaryImageOfPage":{"@id":"https:\/\/www.lavirgendelcamino.info\/wordpress\/la-virgen-del-camino-presenta-sus-campamentos-de-navidad\/#primaryimage"},"image":{"@id":"https:\/\/www.lavirgendelcamino.info\/wordpress\/la-virgen-del-camino-presenta-sus-campamentos-de-navidad\/#primaryimage"},"thumbnailUrl":"https:\/\/www.lavirgendelcamino.info\/wordpress\/wp-content\/uploads\/2024\/12\/PHOTO-2024-12-10-11-32-55.jpg","datePublished":"2024-12-17T16:50:05+00:00","dateModified":"2024-12-17T16:50:07+00:00","breadcrumb":{"@id":"https:\/\/www.lavirgendelcamino.info\/wordpress\/la-virgen-del-camino-presenta-sus-campamentos-de-navidad\/#breadcrumb"},"inLanguage":"es","potentialAction":[{"@type":"ReadAction","target":["https:\/\/www.lavirgendelcamino.info\/wordpress\/la-virgen-del-camino-presenta-sus-campamentos-de-navidad\/"]}]},{"@type":"ImageObject","inLanguage":"es","@id":"https:\/\/www.lavirgendelcamino.info\/wordpress\/la-virgen-del-camino-presenta-sus-campamentos-de-navidad\/#primaryimage","url":"https:\/\/www.lavirgendelcamino.info\/wordpress\/wp-content\/uploads\/2024\/12\/PHOTO-2024-12-10-11-32-55.jpg","contentUrl":"https:\/\/www.lavirgendelcamino.info\/wordpress\/wp-content\/uploads\/2024\/12\/PHOTO-2024-12-10-11-32-55.jpg","width":1131,"height":1600},{"@type":"BreadcrumbList","@id":"https:\/\/www.lavirgendelcamino.info\/wordpress\/la-virgen-del-camino-presenta-sus-campamentos-de-navidad\/#breadcrumb","itemListElement":[{"@type":"ListItem","position":1,"name":"Portada","item":"https:\/\/www.lavirgendelcamino.info\/wordpress\/"},{"@type":"ListItem","position":2,"name":"La Virgen del Camino presenta sus campamentos de Navidad"}]},{"@type":"WebSite","@id":"https:\/\/www.lavirgendelcamino.info\/wordpress\/#website","url":"https:\/\/www.lavirgendelcamino.info\/wordpress\/","name":"La Virgen del Camino (Le\u00f3n)","description":"Sitio Web Oficial","publisher":{"@id":"https:\/\/www.lavirgendelcamino.info\/wordpress\/#organization"},"potentialAction":[{"@type":"SearchAction","target":{"@type":"EntryPoint","urlTemplate":"https:\/\/www.lavirgendelcamino.info\/wordpress\/?s={search_term_string}"},"query-input":{"@type":"PropertyValueSpecification","valueRequired":true,"valueName":"search_term_string"}}],"inLanguage":"es"},{"@type":"Organization","@id":"https:\/\/www.lavirgendelcamino.info\/wordpress\/#organization","name":"Ayuntamiento de Valverde de la Virgen","url":"https:\/\/www.lavirgendelcamino.info\/wordpress\/","logo":{"@type":"ImageObject","inLanguage":"es","@id":"https:\/\/www.lavirgendelcamino.info\/wordpress\/#\/schema\/logo\/image\/","url":"https:\/\/www.lavirgendelcamino.info\/wordpress\/wp-content\/uploads\/2015\/07\/aytovalverdevector.png","contentUrl":"https:\/\/www.lavirgendelcamino.info\/wordpress\/wp-content\/uploads\/2015\/07\/aytovalverdevector.png","width":371,"height":429,"caption":"Ayuntamiento de Valverde de la Virgen"},"image":{"@id":"https:\/\/www.lavirgendelcamino.info\/wordpress\/#\/schema\/logo\/image\/"},"sameAs":["http:\/\/www.facebook.com\/ayuntamientovalverdedelavirgen","https:\/\/x.com\/valverdevirgen","http:\/\/www.instagram.com\/valverdevirgen\/"]},{"@type":"Person","@id":"https:\/\/www.lavirgendelcamino.info\/wordpress\/#\/schema\/person\/039691a3b3ac536255a15e531f809f60","name":"Usuario","image":{"@type":"ImageObject","inLanguage":"es","@id":"https:\/\/www.lavirgendelcamino.info\/wordpress\/#\/schema\/person\/image\/","url":"https:\/\/secure.gravatar.com\/avatar\/fa9d63c30fb09cd53bfaf2571b753cfdbaacb18ea67fe9005112648b4ee4722c?s=96&d=mm&r=g","contentUrl":"https:\/\/secure.gravatar.com\/avatar\/fa9d63c30fb09cd53bfaf2571b753cfdbaacb18ea67fe9005112648b4ee4722c?s=96&d=mm&r=g","caption":"Usuario"},"url":"https:\/\/www.lavirgendelcamino.info\/wordpress\/author\/usuario\/"}]}},"_links":{"self":[{"href":"https:\/\/www.lavirgendelcamino.info\/wordpress\/wp-json\/wp\/v2\/posts\/65648","targetHints":{"allow":["GET"]}}],"collection":[{"href":"https:\/\/www.lavirgendelcamino.info\/wordpress\/wp-json\/wp\/v2\/posts"}],"about":[{"href":"https:\/\/www.lavirgendelcamino.info\/wordpress\/wp-json\/wp\/v2\/types\/post"}],"author":[{"embeddable":true,"href":"https:\/\/www.lavirgendelcamino.info\/wordpress\/wp-json\/wp\/v2\/users\/13"}],"replies":[{"embeddable":true,"href":"https:\/\/www.lavirgendelcamino.info\/wordpress\/wp-json\/wp\/v2\/comments?post=65648"}],"version-history":[{"count":0,"href":"https:\/\/www.lavirgendelcamino.info\/wordpress\/wp-json\/wp\/v2\/posts\/65648\/revisions"}],"wp:featuredmedia":[{"embeddable":true,"href":"https:\/\/www.lavirgendelcamino.info\/wordpress\/wp-json\/wp\/v2\/media\/65649"}],"wp:attachment":[{"href":"https:\/\/www.lavirgendelcamino.info\/wordpress\/wp-json\/wp\/v2\/media?parent=65648"}],"wp:term":[{"taxonomy":"category","embeddable":true,"href":"https:\/\/www.lavirgendelcamino.info\/wordpress\/wp-json\/wp\/v2\/categories?post=65648"},{"taxonomy":"post_tag","embeddable":true,"href":"https:\/\/www.lavirgendelcamino.info\/wordpress\/wp-json\/wp\/v2\/tags?post=65648"}],"curies":[{"name":"wp","href":"https:\/\/api.w.org\/{rel}","templated":true}]}}