{"id":65736,"date":"2025-03-20T13:50:48","date_gmt":"2025-03-20T12:50:48","guid":{"rendered":"https:\/\/www.lavirgendelcamino.info\/wordpress\/?p=65736"},"modified":"2025-03-20T16:08:14","modified_gmt":"2025-03-20T15:08:14","slug":"i-encuentro-de-escuelas-de-musica-tradicional-virgen-del-camino","status":"publish","type":"post","link":"https:\/\/www.lavirgendelcamino.info\/wordpress\/i-encuentro-de-escuelas-de-musica-tradicional-virgen-del-camino\/","title":{"rendered":"I Encuentro de Escuelas de M\u00fasica Tradicional Virgen del Camino"},"content":{"rendered":"\n<p>Este pr\u00f3ximo fin de semana, d\u00edas 22 y 23 de marzo, tendr\u00e1 lugar una actividad de m\u00fasica tradicional organizada por el \u00e1rea de m\u00fasica tradicional de la Escuela de M\u00fasica del Ayuntamiento de Valverde de la Virgen y con la colaboraci\u00f3n del Ayuntamiento de Le\u00f3n.<\/p>\n\n\n\n<p>Se realizar\u00e1n dos conciertos, como actividades centrales de este encuentro-intercambio, uno en Le\u00f3n y otro en la Virgen del Camino. El primero de ellos tendr\u00e1 lugar el S\u00e1bado 22 de Marzo, a las 19:30h en la Plaza del Grano, Le\u00f3n, y el segundo, el Domingo 23 de Marzo, a las 13:30h en los exteriores de la Bas\u00edlica de La Virgen del Camino.<\/p>\n\n\n\n<p>Intervendr\u00e1n la agrupaci\u00f3n de gaitas del \u00e1rea de m\u00fasica tradicional de la Escuela de M\u00fasica de la Virgen del Camino y la agrupaci\u00f3n \u00abRoncones y Sonajas\u201d de las Escuelas de folklore de Zamora.<\/p>\n\n\n\n<p>Este es una actividad que servir\u00e1 de convivencia para los dos centros educativos y que se complementar\u00e1 con algunas actividades gastron\u00f3mico-culturales tanto en la Virgen del Camino como el Le\u00f3n y que pretende dinamizar a los alumnos que estudian las disciplinas de musica tradicional y dar visibilidad al trabajo que en este caso desde el \u00e1rea de m\u00fasica tradicional se hace en ambos centros educativos.<\/p>\n\n\n\n<p>Esta no es la primera actividad de este tipo que se organiza desde la escuela, ya que, en otras ocasiones, y en colaboraci\u00f3n con otros ayuntamientos, se han organizado encuentros similares, como hace unos meses, en Zamora, o en a\u00f1os anteriores con las escuelas de m\u00fasica de Burlada (Navarra) y Or\u00e9e D&#8217;Anjou (Francia).<\/p>\n\n\n\n<p>Lo que hace especial este, es su organizaci\u00f3n desde el propio \u00c1rea de Musica tradicional de la Escuela, cuyo profesor, Rafael Busto Ferrero imparte chifla y tamboril, pandereta y canto tradicional, percusiones tradicionales y gaita,&nbsp;<\/p>\n\n\n\n<p>Desde nuestro centro invitamos a los amantes de la Cultura Tradicional a disfrutar de las actividades que hemos organizado en este \u201cI Encuentro de Escuelas de Musica Tradicional Virgen del Camino.<\/p>\n\n\n\n<figure class=\"wp-block-image size-large\"><a href=\"https:\/\/www.lavirgendelcamino.info\/wordpress\/wp-content\/uploads\/2025\/03\/Concierto-Leon-scaled.jpg\"><img data-dominant-color=\"453d38\" data-has-transparency=\"false\" style=\"--dominant-color: #453d38;\" loading=\"lazy\" decoding=\"async\" width=\"1024\" height=\"724\" src=\"https:\/\/www.lavirgendelcamino.info\/wordpress\/wp-content\/uploads\/2025\/03\/Concierto-Leon-1024x724.jpg\" alt=\"\" class=\"wp-image-65737 not-transparent\" srcset=\"https:\/\/www.lavirgendelcamino.info\/wordpress\/wp-content\/uploads\/2025\/03\/Concierto-Leon-1024x724.jpg 1024w, https:\/\/www.lavirgendelcamino.info\/wordpress\/wp-content\/uploads\/2025\/03\/Concierto-Leon-300x212.jpg 300w, https:\/\/www.lavirgendelcamino.info\/wordpress\/wp-content\/uploads\/2025\/03\/Concierto-Leon-768x543.jpg 768w, https:\/\/www.lavirgendelcamino.info\/wordpress\/wp-content\/uploads\/2025\/03\/Concierto-Leon-1536x1086.jpg 1536w, https:\/\/www.lavirgendelcamino.info\/wordpress\/wp-content\/uploads\/2025\/03\/Concierto-Leon-scaled.jpg 2048w, https:\/\/www.lavirgendelcamino.info\/wordpress\/wp-content\/uploads\/2025\/03\/Concierto-Leon-150x106.jpg 150w, https:\/\/www.lavirgendelcamino.info\/wordpress\/wp-content\/uploads\/2025\/03\/Concierto-Leon-696x492.jpg 696w, https:\/\/www.lavirgendelcamino.info\/wordpress\/wp-content\/uploads\/2025\/03\/Concierto-Leon-1068x755.jpg 1068w, https:\/\/www.lavirgendelcamino.info\/wordpress\/wp-content\/uploads\/2025\/03\/Concierto-Leon-1920x1357.jpg 1920w, https:\/\/www.lavirgendelcamino.info\/wordpress\/wp-content\/uploads\/2025\/03\/Concierto-Leon-594x420.jpg 594w, https:\/\/www.lavirgendelcamino.info\/wordpress\/wp-content\/uploads\/2025\/03\/Concierto-Leon-100x70.jpg 100w\" sizes=\"auto, (max-width: 1024px) 100vw, 1024px\" \/><\/a><\/figure>\n\n\n\n<figure class=\"wp-block-image size-large\"><a href=\"https:\/\/www.lavirgendelcamino.info\/wordpress\/wp-content\/uploads\/2025\/03\/Concierto-LVC.jpg\"><img data-dominant-color=\"8d99a6\" data-has-transparency=\"false\" style=\"--dominant-color: #8d99a6;\" decoding=\"async\" src=\"https:\/\/www.lavirgendelcamino.info\/wordpress\/wp-content\/uploads\/2025\/03\/Concierto-LVC-730x1024.jpg\" alt=\"\" class=\"wp-image-65738 not-transparent\" \/><\/a><\/figure>\n\n\n\n<p><\/p>\n\n\n\n<p><\/p>\n\n\n\n<p>Aqu\u00ed im\u00e1genes de encuentros anteriores:<\/p>\n\n\n\n<figure class=\"wp-block-gallery has-nested-images columns-default is-cropped wp-block-gallery-1 is-layout-flex wp-block-gallery-is-layout-flex\">\n<figure class=\"wp-block-image size-large\"><a href=\"https:\/\/www.lavirgendelcamino.info\/wordpress\/wp-content\/uploads\/2025\/03\/PHOTO-2025-03-20-13-36-45-2.jpg\"><img data-dominant-color=\"5d5b59\" data-has-transparency=\"false\" style=\"--dominant-color: #5d5b59;\" loading=\"lazy\" decoding=\"async\" width=\"1024\" height=\"472\" data-id=\"65739\" src=\"https:\/\/www.lavirgendelcamino.info\/wordpress\/wp-content\/uploads\/2025\/03\/PHOTO-2025-03-20-13-36-45-2-1024x472.jpg\" alt=\"\" class=\"wp-image-65739 not-transparent\" srcset=\"https:\/\/www.lavirgendelcamino.info\/wordpress\/wp-content\/uploads\/2025\/03\/PHOTO-2025-03-20-13-36-45-2-1024x472.jpg 1024w, https:\/\/www.lavirgendelcamino.info\/wordpress\/wp-content\/uploads\/2025\/03\/PHOTO-2025-03-20-13-36-45-2-300x138.jpg 300w, https:\/\/www.lavirgendelcamino.info\/wordpress\/wp-content\/uploads\/2025\/03\/PHOTO-2025-03-20-13-36-45-2-768x354.jpg 768w, https:\/\/www.lavirgendelcamino.info\/wordpress\/wp-content\/uploads\/2025\/03\/PHOTO-2025-03-20-13-36-45-2-1536x708.jpg 1536w, https:\/\/www.lavirgendelcamino.info\/wordpress\/wp-content\/uploads\/2025\/03\/PHOTO-2025-03-20-13-36-45-2-150x69.jpg 150w, https:\/\/www.lavirgendelcamino.info\/wordpress\/wp-content\/uploads\/2025\/03\/PHOTO-2025-03-20-13-36-45-2-696x321.jpg 696w, https:\/\/www.lavirgendelcamino.info\/wordpress\/wp-content\/uploads\/2025\/03\/PHOTO-2025-03-20-13-36-45-2-1068x493.jpg 1068w, https:\/\/www.lavirgendelcamino.info\/wordpress\/wp-content\/uploads\/2025\/03\/PHOTO-2025-03-20-13-36-45-2-911x420.jpg 911w, https:\/\/www.lavirgendelcamino.info\/wordpress\/wp-content\/uploads\/2025\/03\/PHOTO-2025-03-20-13-36-45-2.jpg 1600w\" sizes=\"auto, (max-width: 1024px) 100vw, 1024px\" \/><\/a><\/figure>\n\n\n\n<figure class=\"wp-block-image size-large\"><a href=\"https:\/\/www.lavirgendelcamino.info\/wordpress\/wp-content\/uploads\/2025\/03\/PHOTO-2025-03-20-13-36-05-2.jpg\"><img data-dominant-color=\"6c645c\" data-has-transparency=\"false\" style=\"--dominant-color: #6c645c;\" loading=\"lazy\" decoding=\"async\" width=\"1024\" height=\"768\" data-id=\"65740\" src=\"https:\/\/www.lavirgendelcamino.info\/wordpress\/wp-content\/uploads\/2025\/03\/PHOTO-2025-03-20-13-36-05-2-1024x768.jpg\" alt=\"\" class=\"wp-image-65740 not-transparent\" srcset=\"https:\/\/www.lavirgendelcamino.info\/wordpress\/wp-content\/uploads\/2025\/03\/PHOTO-2025-03-20-13-36-05-2-1024x768.jpg 1024w, https:\/\/www.lavirgendelcamino.info\/wordpress\/wp-content\/uploads\/2025\/03\/PHOTO-2025-03-20-13-36-05-2-300x225.jpg 300w, https:\/\/www.lavirgendelcamino.info\/wordpress\/wp-content\/uploads\/2025\/03\/PHOTO-2025-03-20-13-36-05-2-768x576.jpg 768w, https:\/\/www.lavirgendelcamino.info\/wordpress\/wp-content\/uploads\/2025\/03\/PHOTO-2025-03-20-13-36-05-2-1536x1152.jpg 1536w, https:\/\/www.lavirgendelcamino.info\/wordpress\/wp-content\/uploads\/2025\/03\/PHOTO-2025-03-20-13-36-05-2-150x113.jpg 150w, https:\/\/www.lavirgendelcamino.info\/wordpress\/wp-content\/uploads\/2025\/03\/PHOTO-2025-03-20-13-36-05-2-696x522.jpg 696w, https:\/\/www.lavirgendelcamino.info\/wordpress\/wp-content\/uploads\/2025\/03\/PHOTO-2025-03-20-13-36-05-2-1068x801.jpg 1068w, https:\/\/www.lavirgendelcamino.info\/wordpress\/wp-content\/uploads\/2025\/03\/PHOTO-2025-03-20-13-36-05-2-560x420.jpg 560w, https:\/\/www.lavirgendelcamino.info\/wordpress\/wp-content\/uploads\/2025\/03\/PHOTO-2025-03-20-13-36-05-2-80x60.jpg 80w, https:\/\/www.lavirgendelcamino.info\/wordpress\/wp-content\/uploads\/2025\/03\/PHOTO-2025-03-20-13-36-05-2-265x198.jpg 265w, https:\/\/www.lavirgendelcamino.info\/wordpress\/wp-content\/uploads\/2025\/03\/PHOTO-2025-03-20-13-36-05-2.jpg 1600w\" sizes=\"auto, (max-width: 1024px) 100vw, 1024px\" \/><\/a><\/figure>\n\n\n\n<figure class=\"wp-block-image size-large\"><a href=\"https:\/\/www.lavirgendelcamino.info\/wordpress\/wp-content\/uploads\/2025\/03\/PHOTO-2025-03-20-13-36-05.jpg\"><img data-dominant-color=\"807788\" data-has-transparency=\"false\" style=\"--dominant-color: #807788;\" loading=\"lazy\" decoding=\"async\" width=\"1024\" height=\"682\" data-id=\"65741\" src=\"https:\/\/www.lavirgendelcamino.info\/wordpress\/wp-content\/uploads\/2025\/03\/PHOTO-2025-03-20-13-36-05-1024x682.jpg\" alt=\"\" class=\"wp-image-65741 not-transparent\" srcset=\"https:\/\/www.lavirgendelcamino.info\/wordpress\/wp-content\/uploads\/2025\/03\/PHOTO-2025-03-20-13-36-05-1024x682.jpg 1024w, https:\/\/www.lavirgendelcamino.info\/wordpress\/wp-content\/uploads\/2025\/03\/PHOTO-2025-03-20-13-36-05-300x200.jpg 300w, https:\/\/www.lavirgendelcamino.info\/wordpress\/wp-content\/uploads\/2025\/03\/PHOTO-2025-03-20-13-36-05-768x512.jpg 768w, https:\/\/www.lavirgendelcamino.info\/wordpress\/wp-content\/uploads\/2025\/03\/PHOTO-2025-03-20-13-36-05-1536x1023.jpg 1536w, https:\/\/www.lavirgendelcamino.info\/wordpress\/wp-content\/uploads\/2025\/03\/PHOTO-2025-03-20-13-36-05-150x100.jpg 150w, https:\/\/www.lavirgendelcamino.info\/wordpress\/wp-content\/uploads\/2025\/03\/PHOTO-2025-03-20-13-36-05-696x464.jpg 696w, https:\/\/www.lavirgendelcamino.info\/wordpress\/wp-content\/uploads\/2025\/03\/PHOTO-2025-03-20-13-36-05-1068x712.jpg 1068w, https:\/\/www.lavirgendelcamino.info\/wordpress\/wp-content\/uploads\/2025\/03\/PHOTO-2025-03-20-13-36-05-630x420.jpg 630w, https:\/\/www.lavirgendelcamino.info\/wordpress\/wp-content\/uploads\/2025\/03\/PHOTO-2025-03-20-13-36-05.jpg 1600w\" sizes=\"auto, (max-width: 1024px) 100vw, 1024px\" \/><\/a><\/figure>\n<\/figure>\n\n\n\n<figure class=\"wp-block-image size-large\"><a href=\"https:\/\/www.lavirgendelcamino.info\/wordpress\/wp-content\/uploads\/2025\/03\/PHOTO-2025-03-20-13-36-06.jpg\"><img data-dominant-color=\"695f50\" data-has-transparency=\"false\" style=\"--dominant-color: #695f50;\" loading=\"lazy\" decoding=\"async\" width=\"1024\" height=\"768\" src=\"https:\/\/www.lavirgendelcamino.info\/wordpress\/wp-content\/uploads\/2025\/03\/PHOTO-2025-03-20-13-36-06-1024x768.jpg\" alt=\"\" class=\"wp-image-65742 not-transparent\" srcset=\"https:\/\/www.lavirgendelcamino.info\/wordpress\/wp-content\/uploads\/2025\/03\/PHOTO-2025-03-20-13-36-06-1024x768.jpg 1024w, https:\/\/www.lavirgendelcamino.info\/wordpress\/wp-content\/uploads\/2025\/03\/PHOTO-2025-03-20-13-36-06-300x225.jpg 300w, https:\/\/www.lavirgendelcamino.info\/wordpress\/wp-content\/uploads\/2025\/03\/PHOTO-2025-03-20-13-36-06-768x576.jpg 768w, https:\/\/www.lavirgendelcamino.info\/wordpress\/wp-content\/uploads\/2025\/03\/PHOTO-2025-03-20-13-36-06-1536x1152.jpg 1536w, https:\/\/www.lavirgendelcamino.info\/wordpress\/wp-content\/uploads\/2025\/03\/PHOTO-2025-03-20-13-36-06-150x113.jpg 150w, https:\/\/www.lavirgendelcamino.info\/wordpress\/wp-content\/uploads\/2025\/03\/PHOTO-2025-03-20-13-36-06-696x522.jpg 696w, https:\/\/www.lavirgendelcamino.info\/wordpress\/wp-content\/uploads\/2025\/03\/PHOTO-2025-03-20-13-36-06-1068x801.jpg 1068w, https:\/\/www.lavirgendelcamino.info\/wordpress\/wp-content\/uploads\/2025\/03\/PHOTO-2025-03-20-13-36-06-560x420.jpg 560w, https:\/\/www.lavirgendelcamino.info\/wordpress\/wp-content\/uploads\/2025\/03\/PHOTO-2025-03-20-13-36-06-80x60.jpg 80w, https:\/\/www.lavirgendelcamino.info\/wordpress\/wp-content\/uploads\/2025\/03\/PHOTO-2025-03-20-13-36-06-265x198.jpg 265w, https:\/\/www.lavirgendelcamino.info\/wordpress\/wp-content\/uploads\/2025\/03\/PHOTO-2025-03-20-13-36-06.jpg 1600w\" sizes=\"auto, (max-width: 1024px) 100vw, 1024px\" \/><\/a><\/figure>\n","protected":false},"excerpt":{"rendered":"<p>Este pr\u00f3ximo fin de semana, d\u00edas 22 y 23 de marzo, tendr\u00e1 lugar una actividad de m\u00fasica tradicional organizada por el \u00e1rea de m\u00fasica tradicional de la Escuela de M\u00fasica del Ayuntamiento de Valverde de la Virgen y con la colaboraci\u00f3n del Ayuntamiento de Le\u00f3n. Se realizar\u00e1n dos conciertos, como actividades centrales de este encuentro-intercambio, [&hellip;]<\/p>\n","protected":false},"author":12,"featured_media":65738,"comment_status":"closed","ping_status":"closed","sticky":false,"template":"","format":"gallery","meta":{"footnotes":""},"categories":[1681,3,55,1,9705,1359],"tags":[214,281,225,342],"class_list":["post-65736","post","type-post","status-publish","format-gallery","has-post-thumbnail","hentry","category-ayuntamiento-informa","category-cultura","category-noticias-escuela-de-musica","category-noticias","category-principal","category-tepudointeresar","tag-la-virgen-del-camino","tag-leon","tag-musica","tag-valverde","post_format-post-format-gallery"],"yoast_head":"<!-- This site is optimized with the Yoast SEO plugin v26.9 - https:\/\/yoast.com\/product\/yoast-seo-wordpress\/ -->\n<title>I Encuentro de Escuelas de M\u00fasica Tradicional Virgen del Camino - La Virgen del Camino (Le\u00f3n)<\/title>\n<meta name=\"robots\" content=\"index, follow, max-snippet:-1, max-image-preview:large, max-video-preview:-1\" \/>\n<link rel=\"canonical\" href=\"https:\/\/www.lavirgendelcamino.info\/wordpress\/i-encuentro-de-escuelas-de-musica-tradicional-virgen-del-camino\/\" \/>\n<meta property=\"og:locale\" content=\"es_ES\" \/>\n<meta property=\"og:type\" content=\"article\" \/>\n<meta property=\"og:title\" content=\"I Encuentro de Escuelas de M\u00fasica Tradicional Virgen del Camino - La Virgen del Camino (Le\u00f3n)\" \/>\n<meta property=\"og:url\" content=\"https:\/\/www.lavirgendelcamino.info\/wordpress\/i-encuentro-de-escuelas-de-musica-tradicional-virgen-del-camino\/\" \/>\n<meta property=\"og:site_name\" content=\"La Virgen del Camino (Le\u00f3n)\" \/>\n<meta property=\"article:publisher\" content=\"http:\/\/www.facebook.com\/ayuntamientovalverdedelavirgen\" \/>\n<meta property=\"article:published_time\" content=\"2025-03-20T12:50:48+00:00\" \/>\n<meta property=\"article:modified_time\" content=\"2025-03-20T15:08:14+00:00\" \/>\n<meta property=\"og:image\" content=\"https:\/\/www.lavirgendelcamino.info\/wordpress\/wp-content\/uploads\/2025\/03\/Concierto-LVC-e1742475033604.jpg\" \/>\n\t<meta property=\"og:image:width\" content=\"1240\" \/>\n\t<meta property=\"og:image:height\" content=\"620\" \/>\n\t<meta property=\"og:image:type\" content=\"image\/jpeg\" \/>\n<meta name=\"author\" content=\"profesoresmusica\" \/>\n<meta name=\"twitter:card\" content=\"summary_large_image\" \/>\n<meta name=\"twitter:creator\" content=\"@valverdevirgen\" \/>\n<meta name=\"twitter:site\" content=\"@valverdevirgen\" \/>\n<meta name=\"twitter:label1\" content=\"Escrito por\" \/>\n\t<meta name=\"twitter:data1\" content=\"profesoresmusica\" \/>\n\t<meta name=\"twitter:label2\" content=\"Tiempo de lectura\" \/>\n\t<meta name=\"twitter:data2\" content=\"3 minutos\" \/>\n<script type=\"application\/ld+json\" class=\"yoast-schema-graph\">{\"@context\":\"https:\/\/schema.org\",\"@graph\":[{\"@type\":\"Article\",\"@id\":\"https:\/\/www.lavirgendelcamino.info\/wordpress\/i-encuentro-de-escuelas-de-musica-tradicional-virgen-del-camino\/#article\",\"isPartOf\":{\"@id\":\"https:\/\/www.lavirgendelcamino.info\/wordpress\/i-encuentro-de-escuelas-de-musica-tradicional-virgen-del-camino\/\"},\"author\":{\"name\":\"profesoresmusica\",\"@id\":\"https:\/\/www.lavirgendelcamino.info\/wordpress\/#\/schema\/person\/fb0f529ada510dd5fe16a0b431886b3c\"},\"headline\":\"I Encuentro de Escuelas de M\u00fasica Tradicional Virgen del Camino\",\"datePublished\":\"2025-03-20T12:50:48+00:00\",\"dateModified\":\"2025-03-20T15:08:14+00:00\",\"mainEntityOfPage\":{\"@id\":\"https:\/\/www.lavirgendelcamino.info\/wordpress\/i-encuentro-de-escuelas-de-musica-tradicional-virgen-del-camino\/\"},\"wordCount\":363,\"publisher\":{\"@id\":\"https:\/\/www.lavirgendelcamino.info\/wordpress\/#organization\"},\"image\":{\"@id\":\"https:\/\/www.lavirgendelcamino.info\/wordpress\/i-encuentro-de-escuelas-de-musica-tradicional-virgen-del-camino\/#primaryimage\"},\"thumbnailUrl\":\"https:\/\/www.lavirgendelcamino.info\/wordpress\/wp-content\/uploads\/2025\/03\/Concierto-LVC-e1742475033604.jpg\",\"keywords\":[\"La Virgen del Camino\",\"leon\",\"M\u00fasica\",\"Valverde\"],\"articleSection\":[\"Ayuntamiento Informa\",\"Cultura\",\"Escuela Municipal de M\u00fasica de Valverde de la Virgen\",\"Noticias\",\"Principal\",\"Te pudo Interesar\"],\"inLanguage\":\"es\"},{\"@type\":\"WebPage\",\"@id\":\"https:\/\/www.lavirgendelcamino.info\/wordpress\/i-encuentro-de-escuelas-de-musica-tradicional-virgen-del-camino\/\",\"url\":\"https:\/\/www.lavirgendelcamino.info\/wordpress\/i-encuentro-de-escuelas-de-musica-tradicional-virgen-del-camino\/\",\"name\":\"I Encuentro de Escuelas de M\u00fasica Tradicional Virgen del Camino - La Virgen del Camino (Le\u00f3n)\",\"isPartOf\":{\"@id\":\"https:\/\/www.lavirgendelcamino.info\/wordpress\/#website\"},\"primaryImageOfPage\":{\"@id\":\"https:\/\/www.lavirgendelcamino.info\/wordpress\/i-encuentro-de-escuelas-de-musica-tradicional-virgen-del-camino\/#primaryimage\"},\"image\":{\"@id\":\"https:\/\/www.lavirgendelcamino.info\/wordpress\/i-encuentro-de-escuelas-de-musica-tradicional-virgen-del-camino\/#primaryimage\"},\"thumbnailUrl\":\"https:\/\/www.lavirgendelcamino.info\/wordpress\/wp-content\/uploads\/2025\/03\/Concierto-LVC-e1742475033604.jpg\",\"datePublished\":\"2025-03-20T12:50:48+00:00\",\"dateModified\":\"2025-03-20T15:08:14+00:00\",\"breadcrumb\":{\"@id\":\"https:\/\/www.lavirgendelcamino.info\/wordpress\/i-encuentro-de-escuelas-de-musica-tradicional-virgen-del-camino\/#breadcrumb\"},\"inLanguage\":\"es\",\"potentialAction\":[{\"@type\":\"ReadAction\",\"target\":[\"https:\/\/www.lavirgendelcamino.info\/wordpress\/i-encuentro-de-escuelas-de-musica-tradicional-virgen-del-camino\/\"]}]},{\"@type\":\"ImageObject\",\"inLanguage\":\"es\",\"@id\":\"https:\/\/www.lavirgendelcamino.info\/wordpress\/i-encuentro-de-escuelas-de-musica-tradicional-virgen-del-camino\/#primaryimage\",\"url\":\"https:\/\/www.lavirgendelcamino.info\/wordpress\/wp-content\/uploads\/2025\/03\/Concierto-LVC-e1742475033604.jpg\",\"contentUrl\":\"https:\/\/www.lavirgendelcamino.info\/wordpress\/wp-content\/uploads\/2025\/03\/Concierto-LVC-e1742475033604.jpg\",\"width\":1240,\"height\":620},{\"@type\":\"BreadcrumbList\",\"@id\":\"https:\/\/www.lavirgendelcamino.info\/wordpress\/i-encuentro-de-escuelas-de-musica-tradicional-virgen-del-camino\/#breadcrumb\",\"itemListElement\":[{\"@type\":\"ListItem\",\"position\":1,\"name\":\"Portada\",\"item\":\"https:\/\/www.lavirgendelcamino.info\/wordpress\/\"},{\"@type\":\"ListItem\",\"position\":2,\"name\":\"I Encuentro de Escuelas de M\u00fasica Tradicional Virgen del Camino\"}]},{\"@type\":\"WebSite\",\"@id\":\"https:\/\/www.lavirgendelcamino.info\/wordpress\/#website\",\"url\":\"https:\/\/www.lavirgendelcamino.info\/wordpress\/\",\"name\":\"La Virgen del Camino (Le\u00f3n)\",\"description\":\"Sitio Web Oficial\",\"publisher\":{\"@id\":\"https:\/\/www.lavirgendelcamino.info\/wordpress\/#organization\"},\"potentialAction\":[{\"@type\":\"SearchAction\",\"target\":{\"@type\":\"EntryPoint\",\"urlTemplate\":\"https:\/\/www.lavirgendelcamino.info\/wordpress\/?s={search_term_string}\"},\"query-input\":{\"@type\":\"PropertyValueSpecification\",\"valueRequired\":true,\"valueName\":\"search_term_string\"}}],\"inLanguage\":\"es\"},{\"@type\":\"Organization\",\"@id\":\"https:\/\/www.lavirgendelcamino.info\/wordpress\/#organization\",\"name\":\"Ayuntamiento de Valverde de la Virgen\",\"url\":\"https:\/\/www.lavirgendelcamino.info\/wordpress\/\",\"logo\":{\"@type\":\"ImageObject\",\"inLanguage\":\"es\",\"@id\":\"https:\/\/www.lavirgendelcamino.info\/wordpress\/#\/schema\/logo\/image\/\",\"url\":\"https:\/\/www.lavirgendelcamino.info\/wordpress\/wp-content\/uploads\/2015\/07\/aytovalverdevector.png\",\"contentUrl\":\"https:\/\/www.lavirgendelcamino.info\/wordpress\/wp-content\/uploads\/2015\/07\/aytovalverdevector.png\",\"width\":371,\"height\":429,\"caption\":\"Ayuntamiento de Valverde de la Virgen\"},\"image\":{\"@id\":\"https:\/\/www.lavirgendelcamino.info\/wordpress\/#\/schema\/logo\/image\/\"},\"sameAs\":[\"http:\/\/www.facebook.com\/ayuntamientovalverdedelavirgen\",\"https:\/\/x.com\/valverdevirgen\",\"http:\/\/www.instagram.com\/valverdevirgen\/\"]},{\"@type\":\"Person\",\"@id\":\"https:\/\/www.lavirgendelcamino.info\/wordpress\/#\/schema\/person\/fb0f529ada510dd5fe16a0b431886b3c\",\"name\":\"profesoresmusica\",\"image\":{\"@type\":\"ImageObject\",\"inLanguage\":\"es\",\"@id\":\"https:\/\/www.lavirgendelcamino.info\/wordpress\/#\/schema\/person\/image\/\",\"url\":\"https:\/\/www.lavirgendelcamino.info\/wordpress\/wp-content\/uploads\/2012\/08\/logo-escuela-musica-150x150.jpg\",\"contentUrl\":\"https:\/\/www.lavirgendelcamino.info\/wordpress\/wp-content\/uploads\/2012\/08\/logo-escuela-musica-150x150.jpg\",\"caption\":\"profesoresmusica\"},\"sameAs\":[\"http:\/\/www.lavirgendelcamino.info\"],\"url\":\"https:\/\/www.lavirgendelcamino.info\/wordpress\/author\/profesoresmusica\/\"}]}<\/script>\n<!-- \/ Yoast SEO plugin. -->","yoast_head_json":{"title":"I Encuentro de Escuelas de M\u00fasica Tradicional Virgen del Camino - La Virgen del Camino (Le\u00f3n)","robots":{"index":"index","follow":"follow","max-snippet":"max-snippet:-1","max-image-preview":"max-image-preview:large","max-video-preview":"max-video-preview:-1"},"canonical":"https:\/\/www.lavirgendelcamino.info\/wordpress\/i-encuentro-de-escuelas-de-musica-tradicional-virgen-del-camino\/","og_locale":"es_ES","og_type":"article","og_title":"I Encuentro de Escuelas de M\u00fasica Tradicional Virgen del Camino - La Virgen del Camino (Le\u00f3n)","og_url":"https:\/\/www.lavirgendelcamino.info\/wordpress\/i-encuentro-de-escuelas-de-musica-tradicional-virgen-del-camino\/","og_site_name":"La Virgen del Camino (Le\u00f3n)","article_publisher":"http:\/\/www.facebook.com\/ayuntamientovalverdedelavirgen","article_published_time":"2025-03-20T12:50:48+00:00","article_modified_time":"2025-03-20T15:08:14+00:00","og_image":[{"width":1240,"height":620,"url":"https:\/\/www.lavirgendelcamino.info\/wordpress\/wp-content\/uploads\/2025\/03\/Concierto-LVC-e1742475033604.jpg","type":"image\/jpeg"}],"author":"profesoresmusica","twitter_card":"summary_large_image","twitter_creator":"@valverdevirgen","twitter_site":"@valverdevirgen","twitter_misc":{"Escrito por":"profesoresmusica","Tiempo de lectura":"3 minutos"},"schema":{"@context":"https:\/\/schema.org","@graph":[{"@type":"Article","@id":"https:\/\/www.lavirgendelcamino.info\/wordpress\/i-encuentro-de-escuelas-de-musica-tradicional-virgen-del-camino\/#article","isPartOf":{"@id":"https:\/\/www.lavirgendelcamino.info\/wordpress\/i-encuentro-de-escuelas-de-musica-tradicional-virgen-del-camino\/"},"author":{"name":"profesoresmusica","@id":"https:\/\/www.lavirgendelcamino.info\/wordpress\/#\/schema\/person\/fb0f529ada510dd5fe16a0b431886b3c"},"headline":"I Encuentro de Escuelas de M\u00fasica Tradicional Virgen del Camino","datePublished":"2025-03-20T12:50:48+00:00","dateModified":"2025-03-20T15:08:14+00:00","mainEntityOfPage":{"@id":"https:\/\/www.lavirgendelcamino.info\/wordpress\/i-encuentro-de-escuelas-de-musica-tradicional-virgen-del-camino\/"},"wordCount":363,"publisher":{"@id":"https:\/\/www.lavirgendelcamino.info\/wordpress\/#organization"},"image":{"@id":"https:\/\/www.lavirgendelcamino.info\/wordpress\/i-encuentro-de-escuelas-de-musica-tradicional-virgen-del-camino\/#primaryimage"},"thumbnailUrl":"https:\/\/www.lavirgendelcamino.info\/wordpress\/wp-content\/uploads\/2025\/03\/Concierto-LVC-e1742475033604.jpg","keywords":["La Virgen del Camino","leon","M\u00fasica","Valverde"],"articleSection":["Ayuntamiento Informa","Cultura","Escuela Municipal de M\u00fasica de Valverde de la Virgen","Noticias","Principal","Te pudo Interesar"],"inLanguage":"es"},{"@type":"WebPage","@id":"https:\/\/www.lavirgendelcamino.info\/wordpress\/i-encuentro-de-escuelas-de-musica-tradicional-virgen-del-camino\/","url":"https:\/\/www.lavirgendelcamino.info\/wordpress\/i-encuentro-de-escuelas-de-musica-tradicional-virgen-del-camino\/","name":"I Encuentro de Escuelas de M\u00fasica Tradicional Virgen del Camino - La Virgen del Camino (Le\u00f3n)","isPartOf":{"@id":"https:\/\/www.lavirgendelcamino.info\/wordpress\/#website"},"primaryImageOfPage":{"@id":"https:\/\/www.lavirgendelcamino.info\/wordpress\/i-encuentro-de-escuelas-de-musica-tradicional-virgen-del-camino\/#primaryimage"},"image":{"@id":"https:\/\/www.lavirgendelcamino.info\/wordpress\/i-encuentro-de-escuelas-de-musica-tradicional-virgen-del-camino\/#primaryimage"},"thumbnailUrl":"https:\/\/www.lavirgendelcamino.info\/wordpress\/wp-content\/uploads\/2025\/03\/Concierto-LVC-e1742475033604.jpg","datePublished":"2025-03-20T12:50:48+00:00","dateModified":"2025-03-20T15:08:14+00:00","breadcrumb":{"@id":"https:\/\/www.lavirgendelcamino.info\/wordpress\/i-encuentro-de-escuelas-de-musica-tradicional-virgen-del-camino\/#breadcrumb"},"inLanguage":"es","potentialAction":[{"@type":"ReadAction","target":["https:\/\/www.lavirgendelcamino.info\/wordpress\/i-encuentro-de-escuelas-de-musica-tradicional-virgen-del-camino\/"]}]},{"@type":"ImageObject","inLanguage":"es","@id":"https:\/\/www.lavirgendelcamino.info\/wordpress\/i-encuentro-de-escuelas-de-musica-tradicional-virgen-del-camino\/#primaryimage","url":"https:\/\/www.lavirgendelcamino.info\/wordpress\/wp-content\/uploads\/2025\/03\/Concierto-LVC-e1742475033604.jpg","contentUrl":"https:\/\/www.lavirgendelcamino.info\/wordpress\/wp-content\/uploads\/2025\/03\/Concierto-LVC-e1742475033604.jpg","width":1240,"height":620},{"@type":"BreadcrumbList","@id":"https:\/\/www.lavirgendelcamino.info\/wordpress\/i-encuentro-de-escuelas-de-musica-tradicional-virgen-del-camino\/#breadcrumb","itemListElement":[{"@type":"ListItem","position":1,"name":"Portada","item":"https:\/\/www.lavirgendelcamino.info\/wordpress\/"},{"@type":"ListItem","position":2,"name":"I Encuentro de Escuelas de M\u00fasica Tradicional Virgen del Camino"}]},{"@type":"WebSite","@id":"https:\/\/www.lavirgendelcamino.info\/wordpress\/#website","url":"https:\/\/www.lavirgendelcamino.info\/wordpress\/","name":"La Virgen del Camino (Le\u00f3n)","description":"Sitio Web Oficial","publisher":{"@id":"https:\/\/www.lavirgendelcamino.info\/wordpress\/#organization"},"potentialAction":[{"@type":"SearchAction","target":{"@type":"EntryPoint","urlTemplate":"https:\/\/www.lavirgendelcamino.info\/wordpress\/?s={search_term_string}"},"query-input":{"@type":"PropertyValueSpecification","valueRequired":true,"valueName":"search_term_string"}}],"inLanguage":"es"},{"@type":"Organization","@id":"https:\/\/www.lavirgendelcamino.info\/wordpress\/#organization","name":"Ayuntamiento de Valverde de la Virgen","url":"https:\/\/www.lavirgendelcamino.info\/wordpress\/","logo":{"@type":"ImageObject","inLanguage":"es","@id":"https:\/\/www.lavirgendelcamino.info\/wordpress\/#\/schema\/logo\/image\/","url":"https:\/\/www.lavirgendelcamino.info\/wordpress\/wp-content\/uploads\/2015\/07\/aytovalverdevector.png","contentUrl":"https:\/\/www.lavirgendelcamino.info\/wordpress\/wp-content\/uploads\/2015\/07\/aytovalverdevector.png","width":371,"height":429,"caption":"Ayuntamiento de Valverde de la Virgen"},"image":{"@id":"https:\/\/www.lavirgendelcamino.info\/wordpress\/#\/schema\/logo\/image\/"},"sameAs":["http:\/\/www.facebook.com\/ayuntamientovalverdedelavirgen","https:\/\/x.com\/valverdevirgen","http:\/\/www.instagram.com\/valverdevirgen\/"]},{"@type":"Person","@id":"https:\/\/www.lavirgendelcamino.info\/wordpress\/#\/schema\/person\/fb0f529ada510dd5fe16a0b431886b3c","name":"profesoresmusica","image":{"@type":"ImageObject","inLanguage":"es","@id":"https:\/\/www.lavirgendelcamino.info\/wordpress\/#\/schema\/person\/image\/","url":"https:\/\/www.lavirgendelcamino.info\/wordpress\/wp-content\/uploads\/2012\/08\/logo-escuela-musica-150x150.jpg","contentUrl":"https:\/\/www.lavirgendelcamino.info\/wordpress\/wp-content\/uploads\/2012\/08\/logo-escuela-musica-150x150.jpg","caption":"profesoresmusica"},"sameAs":["http:\/\/www.lavirgendelcamino.info"],"url":"https:\/\/www.lavirgendelcamino.info\/wordpress\/author\/profesoresmusica\/"}]}},"_links":{"self":[{"href":"https:\/\/www.lavirgendelcamino.info\/wordpress\/wp-json\/wp\/v2\/posts\/65736","targetHints":{"allow":["GET"]}}],"collection":[{"href":"https:\/\/www.lavirgendelcamino.info\/wordpress\/wp-json\/wp\/v2\/posts"}],"about":[{"href":"https:\/\/www.lavirgendelcamino.info\/wordpress\/wp-json\/wp\/v2\/types\/post"}],"author":[{"embeddable":true,"href":"https:\/\/www.lavirgendelcamino.info\/wordpress\/wp-json\/wp\/v2\/users\/12"}],"replies":[{"embeddable":true,"href":"https:\/\/www.lavirgendelcamino.info\/wordpress\/wp-json\/wp\/v2\/comments?post=65736"}],"version-history":[{"count":0,"href":"https:\/\/www.lavirgendelcamino.info\/wordpress\/wp-json\/wp\/v2\/posts\/65736\/revisions"}],"wp:featuredmedia":[{"embeddable":true,"href":"https:\/\/www.lavirgendelcamino.info\/wordpress\/wp-json\/wp\/v2\/media\/65738"}],"wp:attachment":[{"href":"https:\/\/www.lavirgendelcamino.info\/wordpress\/wp-json\/wp\/v2\/media?parent=65736"}],"wp:term":[{"taxonomy":"category","embeddable":true,"href":"https:\/\/www.lavirgendelcamino.info\/wordpress\/wp-json\/wp\/v2\/categories?post=65736"},{"taxonomy":"post_tag","embeddable":true,"href":"https:\/\/www.lavirgendelcamino.info\/wordpress\/wp-json\/wp\/v2\/tags?post=65736"}],"curies":[{"name":"wp","href":"https:\/\/api.w.org\/{rel}","templated":true}]}}