{"id":974,"date":"2011-09-06T16:40:04","date_gmt":"2011-09-06T15:40:04","guid":{"rendered":"http:\/\/www.lavirgendelcamino.info\/wordpress\/?p=974"},"modified":"2011-09-06T17:05:13","modified_gmt":"2011-09-06T16:05:13","slug":"concurso-fotografico-fiestas-la-virgen-del-camino-2011","status":"publish","type":"post","link":"https:\/\/www.lavirgendelcamino.info\/wordpress\/concurso-fotografico-fiestas-la-virgen-del-camino-2011\/","title":{"rendered":"Concurso Fotogr\u00e1fico &#8216;Fiestas La Virgen del Camino 2011&#8217;"},"content":{"rendered":"<p style=\"text-align: justify;\"><span style=\"color: #000000;\">La Comisi\u00f3n de Fiestas de La Virgen del Camino presenta el Concurso Fotogr\u00e1fico &#8216;Fiestas La Virgen del Camino 2011&#8217;. Toda la informaci\u00f3n sobre el concurso la encontrar\u00e9is en la p\u00e1gina web www.lavirgendelcamino.info<\/span><\/p>\n<h1 style=\"text-align: center;\"><strong>BASES DEL CONCURSO<\/strong><\/h1>\n<p style=\"text-align: center;\"><span style=\"color: #0000ff;\"><strong><strong><strong><strong><strong><strong><strong><strong><strong><strong><strong><strong><img loading=\"lazy\" decoding=\"async\" src=\"http:\/\/www.lavirgendelcamino.info\/images\/images\/pdf.gif\" alt=\"\" width=\"16\" height=\"16\" \/><\/strong><\/strong><\/strong><\/strong><\/strong><\/strong><\/strong><\/strong><\/strong><\/strong><\/strong> <a href=\"http:\/\/www.lavirgendelcamino.info\/images\/images\/Bases Concurso Fotograf\u00eda.pdf\" target=\"_blank\">Descargar Bases del Concurso<\/a><\/strong><\/span><\/p>\n<p style=\"text-align: justify;\"><span style=\"color: #000000;\"><strong><img loading=\"lazy\" decoding=\"async\" class=\"alignleft size-medium wp-image-975\" title=\"u1_camara1\" src=\"http:\/\/lavirgendelcamino.info\/wordpress\/wp-content\/uploads\/2011\/09\/u1_camara1-300x291.gif\" alt=\"\" width=\"300\" height=\"291\" srcset=\"https:\/\/www.lavirgendelcamino.info\/wordpress\/wp-content\/uploads\/2011\/09\/u1_camara1-300x292.gif 300w, https:\/\/www.lavirgendelcamino.info\/wordpress\/wp-content\/uploads\/2011\/09\/u1_camara1.gif 366w\" sizes=\"auto, (max-width: 300px) 100vw, 300px\" \/>1\u00ba\/ PARTICIPANTES<\/strong><\/span><\/p>\n<p style=\"text-align: justify;\"><span style=\"color: #000000;\">Podr\u00e1 participar en el concurso cualquier persona, sin l\u00edmite de fotograf\u00edas por participante.<\/span><\/p>\n<p style=\"text-align: justify;\"><span style=\"color: #000000;\"><strong> <\/strong><\/span><\/p>\n<p style=\"text-align: justify;\"><span style=\"color: #000000;\"><strong>2\u00ba\/ TEMA<\/strong><\/span><\/p>\n<p style=\"text-align: justify;\"><span style=\"color: #000000;\">Fotograf\u00edas relacionadas con las Fiestas de la Virgen del Camino 2011, y realizadas entre el 15 y 18 de Septiembre de 2011.<\/span><\/p>\n<p style=\"text-align: justify;\">&nbsp;<\/p>\n<p style=\"text-align: justify;\"><span style=\"color: #000000;\"><strong>3\u00ba\/ FOTOGRAF\u00cdAS<\/strong><\/span><\/p>\n<ul style=\"text-align: justify;\">\n<li><span style=\"color: #000000;\">Las fotograf\u00edas presentadas deben ser propiedad del participante.<\/span><\/li>\n<li><span style=\"color: #000000;\">Se permitir\u00e1n correcciones con programas inform\u00e1ticos de fotograf\u00eda.<\/span><\/li>\n<li><span style=\"color: #000000;\">No se aceptar\u00e1n fotograf\u00edas que hayan sido publicadas o exhibidas.<\/span><\/li>\n<li><span style=\"color: #000000;\">El participante manifiesta y garantiza al Ayuntamiento de Valverde de la Virgen que es el \u00fanico titular de todos los derechos de autor sobre la fotograf\u00eda que presenta al concurso y se responsabiliza totalmente de que no existen derechos de terceros en las fotograf\u00edas presentadas.<\/span><\/li>\n<\/ul>\n<p style=\"text-align: justify;\">&nbsp;<\/p>\n<p style=\"text-align: justify;\"><span style=\"color: #000000;\"><strong>4\u00ba\/ COMO PARTICIPAR<\/strong><\/span><\/p>\n<ul style=\"text-align: justify;\">\n<li><span style=\"color: #000000;\">Las fotograf\u00edas pueden estar hechas con cualquier tipo de c\u00e1mara fotogr\u00e1fica.<\/span><\/li>\n<li><span style=\"color: #000000;\">Las fotograf\u00edas deben presentarse en archivos JPG\/PNG\/BMP<\/span><\/li>\n<li><span style=\"color: #000000;\">El peso m\u00e1ximo del archivo no debe pasar de 10 MB<\/span><\/li>\n<li><span style=\"color: #000000;\">Los participantes que no cumplan con cualquiera de los requisitos indicados no entraran en concurso.<\/span><\/li>\n<\/ul>\n<p style=\"text-align: justify;\">&nbsp;<\/p>\n<p style=\"text-align: justify;\"><span style=\"color: #000000;\"><strong>5\u00ba\/ FECHA DE ADMISI\u00d3N, ENV\u00cdO E IDENTIFICACI\u00d3N<\/strong><\/span><\/p>\n<p style=\"text-align: justify;\"><span style=\"color: #000000;\">Para participar hay que enviar las fotos a: <a href=\"mailto:oficinadelavirgen@hotmail.com\" target=\"_blank\">oficinadelavirgen@hotmail.com<\/a> desde las 11:30 horas del d\u00eda 15 hasta las 11:30 horas del d\u00eda 19 de Septiembre con los siguientes datos:<\/span><\/p>\n<ul style=\"text-align: justify;\">\n<li><span style=\"color: #000000;\">Nombre y Apellidos del concursante<\/span><\/li>\n<li><span style=\"color: #000000;\">Nick (alias o seud\u00f3nimo con el que participa)<\/span><\/li>\n<li><span style=\"color: #000000;\">Direcci\u00f3n de correo electr\u00f3nico de contacto<\/span><\/li>\n<li><span style=\"color: #000000;\">Tel\u00e9fono de contacto<\/span><\/li>\n<li><span style=\"color: #000000;\">T\u00edtulo de la fotograf\u00eda<\/span><\/li>\n<\/ul>\n<p style=\"text-align: justify;\"><span style=\"color: #000000;\"><strong> <\/strong><\/span><\/p>\n<p style=\"text-align: justify;\"><span style=\"color: #000000;\"><strong>6\u00ba\/ EXPOSICI\u00d3N DE LAS FOTOGRAF\u00cdAS<\/strong><\/span><\/p>\n<p style=\"text-align: justify;\"><span style=\"color: #000000;\">Las fotograf\u00edas se podr\u00e1n ver en la Facebook del Ayuntamiento Valverde de la Virgen y en www.lavirgendelcamino.info con el t\u00edtulo de la fotograf\u00eda y el n\u00famero de participaci\u00f3n.<\/span><\/p>\n<p style=\"text-align: justify;\">&nbsp;<\/p>\n<p style=\"text-align: justify;\"><span style=\"color: #000000;\"><strong>7\u00ba\/ FALLO DEL JURADO<\/strong><\/span><\/p>\n<p style=\"text-align: justify;\"><span style=\"color: #000000;\">El fallo del jurado se realizara el dia 20 de Septiembre, y se hara publico a continuaci\u00f3n en<strong> el <\/strong>Facebook del Ayuntamiento de Valverde de la Virgen y en www.lavirgendelcamino.info<\/span><\/p>\n<p style=\"text-align: justify;\">&nbsp;<\/p>\n<p style=\"text-align: justify;\"><span style=\"color: #000000;\">Los criterios de evaluaci\u00f3n del jurado ser\u00e1n la originalidad y creatividad referida a las Fiestas de La Virgen del Camino 2010. La selecci\u00f3n de los ganadores ser\u00e1 a discreci\u00f3n absoluta del jurado y su fallo ser\u00e1 definitivo e inapelable. El jurado adem\u00e1s se reservar\u00e1 el derecho de no elegir ninguna fotograf\u00eda como ganadora si cree que est\u00e1 por debajo del nivel esperado.<\/span><\/p>\n<p style=\"text-align: justify;\">&nbsp;<\/p>\n<p style=\"text-align: justify;\"><span style=\"color: #000000;\"><strong>8\u00ba\/ PREMIOS<\/strong><\/span><\/p>\n<p style=\"text-align: justify;\"><span style=\"color: #000000;\">Se conceder\u00e1n tres \u00fanicos premios:<\/span><\/p>\n<ul>\n<li><span style=\"color: #000000;\">1\u00baPremio: \u00a0\u00a0\u00a0\u00a0\u00a0 150 \u20ac<\/span><\/li>\n<li><span style=\"color: #000000;\">2\u00ba Premio: \u00a0\u00a0\u00a0\u00a0 100 \u20ac<\/span><\/li>\n<li><span style=\"color: #000000;\">3\u00ba Premio: \u00a0\u00a0\u00a0\u00a0 50 \u20ac<\/span><\/li>\n<\/ul>\n<p style=\"text-align: justify;\"><span style=\"color: #000000;\">La entrega de premios se comunicara a trav\u00e9s del Facebook del Ayuntamiento de Valverde de la Virgen, en www.lavirgendelcamino.info y a los premiados telef\u00f3nicamente.<\/span><\/p>\n","protected":false},"excerpt":{"rendered":"<p>La Comisi\u00f3n de Fiestas de La Virgen del Camino presenta el Concurso Fotogr\u00e1fico &#8216;Fiestas La Virgen del Camino 2011&#8217;. Toda la informaci\u00f3n sobre el concurso la encontrar\u00e9is en la p\u00e1gina web www.lavirgendelcamino.info BASES DEL CONCURSO Descargar Bases del Concurso 1\u00ba\/ PARTICIPANTES Podr\u00e1 participar en el concurso cualquier persona, sin l\u00edmite de fotograf\u00edas por participante. 2\u00ba\/ [&hellip;]<\/p>\n","protected":false},"author":1,"featured_media":0,"comment_status":"closed","ping_status":"closed","sticky":false,"template":"","format":"gallery","meta":{"footnotes":""},"categories":[23],"tags":[],"class_list":["post-974","post","type-post","status-publish","format-gallery","hentry","category-fiestas","post_format-post-format-gallery"],"yoast_head":"<!-- This site is optimized with the Yoast SEO plugin v26.9 - https:\/\/yoast.com\/product\/yoast-seo-wordpress\/ -->\n<title>Concurso Fotogr\u00e1fico &#039;Fiestas La Virgen del Camino 2011&#039; - La Virgen del Camino (Le\u00f3n)<\/title>\n<meta name=\"robots\" content=\"index, follow, max-snippet:-1, max-image-preview:large, max-video-preview:-1\" \/>\n<link rel=\"canonical\" href=\"https:\/\/www.lavirgendelcamino.info\/wordpress\/concurso-fotografico-fiestas-la-virgen-del-camino-2011\/\" \/>\n<meta property=\"og:locale\" content=\"es_ES\" \/>\n<meta property=\"og:type\" content=\"article\" \/>\n<meta property=\"og:title\" content=\"Concurso Fotogr\u00e1fico &#039;Fiestas La Virgen del Camino 2011&#039; - La Virgen del Camino (Le\u00f3n)\" \/>\n<meta property=\"og:url\" content=\"https:\/\/www.lavirgendelcamino.info\/wordpress\/concurso-fotografico-fiestas-la-virgen-del-camino-2011\/\" \/>\n<meta property=\"og:site_name\" content=\"La Virgen del Camino (Le\u00f3n)\" \/>\n<meta property=\"article:publisher\" content=\"http:\/\/www.facebook.com\/ayuntamientovalverdedelavirgen\" \/>\n<meta property=\"article:author\" content=\"http:\/\/www.facebook.com\/victoralvarez7\" \/>\n<meta property=\"article:published_time\" content=\"2011-09-06T15:40:04+00:00\" \/>\n<meta property=\"article:modified_time\" content=\"2011-09-06T16:05:13+00:00\" \/>\n<meta property=\"og:image\" content=\"http:\/\/www.lavirgendelcamino.info\/images\/images\/pdf.gif\" \/>\n<meta name=\"author\" content=\"V\u00edctor\" \/>\n<meta name=\"twitter:card\" content=\"summary_large_image\" \/>\n<meta name=\"twitter:creator\" content=\"@valverdevirgen\" \/>\n<meta name=\"twitter:site\" content=\"@valverdevirgen\" \/>\n<meta name=\"twitter:label1\" content=\"Escrito por\" \/>\n\t<meta name=\"twitter:data1\" content=\"V\u00edctor\" \/>\n\t<meta name=\"twitter:label2\" content=\"Tiempo de lectura\" \/>\n\t<meta name=\"twitter:data2\" content=\"2 minutos\" \/>\n<script type=\"application\/ld+json\" class=\"yoast-schema-graph\">{\"@context\":\"https:\/\/schema.org\",\"@graph\":[{\"@type\":\"Article\",\"@id\":\"https:\/\/www.lavirgendelcamino.info\/wordpress\/concurso-fotografico-fiestas-la-virgen-del-camino-2011\/#article\",\"isPartOf\":{\"@id\":\"https:\/\/www.lavirgendelcamino.info\/wordpress\/concurso-fotografico-fiestas-la-virgen-del-camino-2011\/\"},\"author\":{\"name\":\"V\u00edctor\",\"@id\":\"https:\/\/www.lavirgendelcamino.info\/wordpress\/#\/schema\/person\/1cd7bc190e45908cbf77185016bd56e6\"},\"headline\":\"Concurso Fotogr\u00e1fico &#8216;Fiestas La Virgen del Camino 2011&#8217;\",\"datePublished\":\"2011-09-06T15:40:04+00:00\",\"dateModified\":\"2011-09-06T16:05:13+00:00\",\"mainEntityOfPage\":{\"@id\":\"https:\/\/www.lavirgendelcamino.info\/wordpress\/concurso-fotografico-fiestas-la-virgen-del-camino-2011\/\"},\"wordCount\":482,\"publisher\":{\"@id\":\"https:\/\/www.lavirgendelcamino.info\/wordpress\/#organization\"},\"image\":{\"@id\":\"https:\/\/www.lavirgendelcamino.info\/wordpress\/concurso-fotografico-fiestas-la-virgen-del-camino-2011\/#primaryimage\"},\"thumbnailUrl\":\"http:\/\/www.lavirgendelcamino.info\/images\/images\/pdf.gif\",\"articleSection\":[\"Fiestas\"],\"inLanguage\":\"es\"},{\"@type\":\"WebPage\",\"@id\":\"https:\/\/www.lavirgendelcamino.info\/wordpress\/concurso-fotografico-fiestas-la-virgen-del-camino-2011\/\",\"url\":\"https:\/\/www.lavirgendelcamino.info\/wordpress\/concurso-fotografico-fiestas-la-virgen-del-camino-2011\/\",\"name\":\"Concurso Fotogr\u00e1fico 'Fiestas La Virgen del Camino 2011' - La Virgen del Camino (Le\u00f3n)\",\"isPartOf\":{\"@id\":\"https:\/\/www.lavirgendelcamino.info\/wordpress\/#website\"},\"primaryImageOfPage\":{\"@id\":\"https:\/\/www.lavirgendelcamino.info\/wordpress\/concurso-fotografico-fiestas-la-virgen-del-camino-2011\/#primaryimage\"},\"image\":{\"@id\":\"https:\/\/www.lavirgendelcamino.info\/wordpress\/concurso-fotografico-fiestas-la-virgen-del-camino-2011\/#primaryimage\"},\"thumbnailUrl\":\"http:\/\/www.lavirgendelcamino.info\/images\/images\/pdf.gif\",\"datePublished\":\"2011-09-06T15:40:04+00:00\",\"dateModified\":\"2011-09-06T16:05:13+00:00\",\"breadcrumb\":{\"@id\":\"https:\/\/www.lavirgendelcamino.info\/wordpress\/concurso-fotografico-fiestas-la-virgen-del-camino-2011\/#breadcrumb\"},\"inLanguage\":\"es\",\"potentialAction\":[{\"@type\":\"ReadAction\",\"target\":[\"https:\/\/www.lavirgendelcamino.info\/wordpress\/concurso-fotografico-fiestas-la-virgen-del-camino-2011\/\"]}]},{\"@type\":\"ImageObject\",\"inLanguage\":\"es\",\"@id\":\"https:\/\/www.lavirgendelcamino.info\/wordpress\/concurso-fotografico-fiestas-la-virgen-del-camino-2011\/#primaryimage\",\"url\":\"http:\/\/www.lavirgendelcamino.info\/images\/images\/pdf.gif\",\"contentUrl\":\"http:\/\/www.lavirgendelcamino.info\/images\/images\/pdf.gif\"},{\"@type\":\"BreadcrumbList\",\"@id\":\"https:\/\/www.lavirgendelcamino.info\/wordpress\/concurso-fotografico-fiestas-la-virgen-del-camino-2011\/#breadcrumb\",\"itemListElement\":[{\"@type\":\"ListItem\",\"position\":1,\"name\":\"Portada\",\"item\":\"https:\/\/www.lavirgendelcamino.info\/wordpress\/\"},{\"@type\":\"ListItem\",\"position\":2,\"name\":\"Concurso Fotogr\u00e1fico &#8216;Fiestas La Virgen del Camino 2011&#8217;\"}]},{\"@type\":\"WebSite\",\"@id\":\"https:\/\/www.lavirgendelcamino.info\/wordpress\/#website\",\"url\":\"https:\/\/www.lavirgendelcamino.info\/wordpress\/\",\"name\":\"La Virgen del Camino (Le\u00f3n)\",\"description\":\"Sitio Web Oficial\",\"publisher\":{\"@id\":\"https:\/\/www.lavirgendelcamino.info\/wordpress\/#organization\"},\"potentialAction\":[{\"@type\":\"SearchAction\",\"target\":{\"@type\":\"EntryPoint\",\"urlTemplate\":\"https:\/\/www.lavirgendelcamino.info\/wordpress\/?s={search_term_string}\"},\"query-input\":{\"@type\":\"PropertyValueSpecification\",\"valueRequired\":true,\"valueName\":\"search_term_string\"}}],\"inLanguage\":\"es\"},{\"@type\":\"Organization\",\"@id\":\"https:\/\/www.lavirgendelcamino.info\/wordpress\/#organization\",\"name\":\"Ayuntamiento de Valverde de la Virgen\",\"url\":\"https:\/\/www.lavirgendelcamino.info\/wordpress\/\",\"logo\":{\"@type\":\"ImageObject\",\"inLanguage\":\"es\",\"@id\":\"https:\/\/www.lavirgendelcamino.info\/wordpress\/#\/schema\/logo\/image\/\",\"url\":\"https:\/\/www.lavirgendelcamino.info\/wordpress\/wp-content\/uploads\/2015\/07\/aytovalverdevector.png\",\"contentUrl\":\"https:\/\/www.lavirgendelcamino.info\/wordpress\/wp-content\/uploads\/2015\/07\/aytovalverdevector.png\",\"width\":371,\"height\":429,\"caption\":\"Ayuntamiento de Valverde de la Virgen\"},\"image\":{\"@id\":\"https:\/\/www.lavirgendelcamino.info\/wordpress\/#\/schema\/logo\/image\/\"},\"sameAs\":[\"http:\/\/www.facebook.com\/ayuntamientovalverdedelavirgen\",\"https:\/\/x.com\/valverdevirgen\",\"http:\/\/www.instagram.com\/valverdevirgen\/\"]},{\"@type\":\"Person\",\"@id\":\"https:\/\/www.lavirgendelcamino.info\/wordpress\/#\/schema\/person\/1cd7bc190e45908cbf77185016bd56e6\",\"name\":\"V\u00edctor\",\"image\":{\"@type\":\"ImageObject\",\"inLanguage\":\"es\",\"@id\":\"https:\/\/www.lavirgendelcamino.info\/wordpress\/#\/schema\/person\/image\/\",\"url\":\"https:\/\/www.lavirgendelcamino.info\/wordpress\/wp-content\/uploads\/2023\/11\/346858673_790228009105456_5108495650941352509_n-150x150.jpg\",\"contentUrl\":\"https:\/\/www.lavirgendelcamino.info\/wordpress\/wp-content\/uploads\/2023\/11\/346858673_790228009105456_5108495650941352509_n-150x150.jpg\",\"caption\":\"V\u00edctor\"},\"sameAs\":[\"http:\/\/www.lavirgendelcamino.info\",\"http:\/\/www.facebook.com\/victoralvarez7\",\"http:\/\/instagram.com\/victoralfer\/\",\"https:\/\/x.com\/@valverdevirgen\",\"http:\/\/www.youtube.com\/user\/victoralfer\"],\"url\":\"https:\/\/www.lavirgendelcamino.info\/wordpress\/author\/victoralfer\/\"}]}<\/script>\n<!-- \/ Yoast SEO plugin. -->","yoast_head_json":{"title":"Concurso Fotogr\u00e1fico 'Fiestas La Virgen del Camino 2011' - La Virgen del Camino (Le\u00f3n)","robots":{"index":"index","follow":"follow","max-snippet":"max-snippet:-1","max-image-preview":"max-image-preview:large","max-video-preview":"max-video-preview:-1"},"canonical":"https:\/\/www.lavirgendelcamino.info\/wordpress\/concurso-fotografico-fiestas-la-virgen-del-camino-2011\/","og_locale":"es_ES","og_type":"article","og_title":"Concurso Fotogr\u00e1fico 'Fiestas La Virgen del Camino 2011' - La Virgen del Camino (Le\u00f3n)","og_url":"https:\/\/www.lavirgendelcamino.info\/wordpress\/concurso-fotografico-fiestas-la-virgen-del-camino-2011\/","og_site_name":"La Virgen del Camino (Le\u00f3n)","article_publisher":"http:\/\/www.facebook.com\/ayuntamientovalverdedelavirgen","article_author":"http:\/\/www.facebook.com\/victoralvarez7","article_published_time":"2011-09-06T15:40:04+00:00","article_modified_time":"2011-09-06T16:05:13+00:00","og_image":[{"url":"http:\/\/www.lavirgendelcamino.info\/images\/images\/pdf.gif","type":"","width":"","height":""}],"author":"V\u00edctor","twitter_card":"summary_large_image","twitter_creator":"@valverdevirgen","twitter_site":"@valverdevirgen","twitter_misc":{"Escrito por":"V\u00edctor","Tiempo de lectura":"2 minutos"},"schema":{"@context":"https:\/\/schema.org","@graph":[{"@type":"Article","@id":"https:\/\/www.lavirgendelcamino.info\/wordpress\/concurso-fotografico-fiestas-la-virgen-del-camino-2011\/#article","isPartOf":{"@id":"https:\/\/www.lavirgendelcamino.info\/wordpress\/concurso-fotografico-fiestas-la-virgen-del-camino-2011\/"},"author":{"name":"V\u00edctor","@id":"https:\/\/www.lavirgendelcamino.info\/wordpress\/#\/schema\/person\/1cd7bc190e45908cbf77185016bd56e6"},"headline":"Concurso Fotogr\u00e1fico &#8216;Fiestas La Virgen del Camino 2011&#8217;","datePublished":"2011-09-06T15:40:04+00:00","dateModified":"2011-09-06T16:05:13+00:00","mainEntityOfPage":{"@id":"https:\/\/www.lavirgendelcamino.info\/wordpress\/concurso-fotografico-fiestas-la-virgen-del-camino-2011\/"},"wordCount":482,"publisher":{"@id":"https:\/\/www.lavirgendelcamino.info\/wordpress\/#organization"},"image":{"@id":"https:\/\/www.lavirgendelcamino.info\/wordpress\/concurso-fotografico-fiestas-la-virgen-del-camino-2011\/#primaryimage"},"thumbnailUrl":"http:\/\/www.lavirgendelcamino.info\/images\/images\/pdf.gif","articleSection":["Fiestas"],"inLanguage":"es"},{"@type":"WebPage","@id":"https:\/\/www.lavirgendelcamino.info\/wordpress\/concurso-fotografico-fiestas-la-virgen-del-camino-2011\/","url":"https:\/\/www.lavirgendelcamino.info\/wordpress\/concurso-fotografico-fiestas-la-virgen-del-camino-2011\/","name":"Concurso Fotogr\u00e1fico 'Fiestas La Virgen del Camino 2011' - La Virgen del Camino (Le\u00f3n)","isPartOf":{"@id":"https:\/\/www.lavirgendelcamino.info\/wordpress\/#website"},"primaryImageOfPage":{"@id":"https:\/\/www.lavirgendelcamino.info\/wordpress\/concurso-fotografico-fiestas-la-virgen-del-camino-2011\/#primaryimage"},"image":{"@id":"https:\/\/www.lavirgendelcamino.info\/wordpress\/concurso-fotografico-fiestas-la-virgen-del-camino-2011\/#primaryimage"},"thumbnailUrl":"http:\/\/www.lavirgendelcamino.info\/images\/images\/pdf.gif","datePublished":"2011-09-06T15:40:04+00:00","dateModified":"2011-09-06T16:05:13+00:00","breadcrumb":{"@id":"https:\/\/www.lavirgendelcamino.info\/wordpress\/concurso-fotografico-fiestas-la-virgen-del-camino-2011\/#breadcrumb"},"inLanguage":"es","potentialAction":[{"@type":"ReadAction","target":["https:\/\/www.lavirgendelcamino.info\/wordpress\/concurso-fotografico-fiestas-la-virgen-del-camino-2011\/"]}]},{"@type":"ImageObject","inLanguage":"es","@id":"https:\/\/www.lavirgendelcamino.info\/wordpress\/concurso-fotografico-fiestas-la-virgen-del-camino-2011\/#primaryimage","url":"http:\/\/www.lavirgendelcamino.info\/images\/images\/pdf.gif","contentUrl":"http:\/\/www.lavirgendelcamino.info\/images\/images\/pdf.gif"},{"@type":"BreadcrumbList","@id":"https:\/\/www.lavirgendelcamino.info\/wordpress\/concurso-fotografico-fiestas-la-virgen-del-camino-2011\/#breadcrumb","itemListElement":[{"@type":"ListItem","position":1,"name":"Portada","item":"https:\/\/www.lavirgendelcamino.info\/wordpress\/"},{"@type":"ListItem","position":2,"name":"Concurso Fotogr\u00e1fico &#8216;Fiestas La Virgen del Camino 2011&#8217;"}]},{"@type":"WebSite","@id":"https:\/\/www.lavirgendelcamino.info\/wordpress\/#website","url":"https:\/\/www.lavirgendelcamino.info\/wordpress\/","name":"La Virgen del Camino (Le\u00f3n)","description":"Sitio Web Oficial","publisher":{"@id":"https:\/\/www.lavirgendelcamino.info\/wordpress\/#organization"},"potentialAction":[{"@type":"SearchAction","target":{"@type":"EntryPoint","urlTemplate":"https:\/\/www.lavirgendelcamino.info\/wordpress\/?s={search_term_string}"},"query-input":{"@type":"PropertyValueSpecification","valueRequired":true,"valueName":"search_term_string"}}],"inLanguage":"es"},{"@type":"Organization","@id":"https:\/\/www.lavirgendelcamino.info\/wordpress\/#organization","name":"Ayuntamiento de Valverde de la Virgen","url":"https:\/\/www.lavirgendelcamino.info\/wordpress\/","logo":{"@type":"ImageObject","inLanguage":"es","@id":"https:\/\/www.lavirgendelcamino.info\/wordpress\/#\/schema\/logo\/image\/","url":"https:\/\/www.lavirgendelcamino.info\/wordpress\/wp-content\/uploads\/2015\/07\/aytovalverdevector.png","contentUrl":"https:\/\/www.lavirgendelcamino.info\/wordpress\/wp-content\/uploads\/2015\/07\/aytovalverdevector.png","width":371,"height":429,"caption":"Ayuntamiento de Valverde de la Virgen"},"image":{"@id":"https:\/\/www.lavirgendelcamino.info\/wordpress\/#\/schema\/logo\/image\/"},"sameAs":["http:\/\/www.facebook.com\/ayuntamientovalverdedelavirgen","https:\/\/x.com\/valverdevirgen","http:\/\/www.instagram.com\/valverdevirgen\/"]},{"@type":"Person","@id":"https:\/\/www.lavirgendelcamino.info\/wordpress\/#\/schema\/person\/1cd7bc190e45908cbf77185016bd56e6","name":"V\u00edctor","image":{"@type":"ImageObject","inLanguage":"es","@id":"https:\/\/www.lavirgendelcamino.info\/wordpress\/#\/schema\/person\/image\/","url":"https:\/\/www.lavirgendelcamino.info\/wordpress\/wp-content\/uploads\/2023\/11\/346858673_790228009105456_5108495650941352509_n-150x150.jpg","contentUrl":"https:\/\/www.lavirgendelcamino.info\/wordpress\/wp-content\/uploads\/2023\/11\/346858673_790228009105456_5108495650941352509_n-150x150.jpg","caption":"V\u00edctor"},"sameAs":["http:\/\/www.lavirgendelcamino.info","http:\/\/www.facebook.com\/victoralvarez7","http:\/\/instagram.com\/victoralfer\/","https:\/\/x.com\/@valverdevirgen","http:\/\/www.youtube.com\/user\/victoralfer"],"url":"https:\/\/www.lavirgendelcamino.info\/wordpress\/author\/victoralfer\/"}]}},"_links":{"self":[{"href":"https:\/\/www.lavirgendelcamino.info\/wordpress\/wp-json\/wp\/v2\/posts\/974","targetHints":{"allow":["GET"]}}],"collection":[{"href":"https:\/\/www.lavirgendelcamino.info\/wordpress\/wp-json\/wp\/v2\/posts"}],"about":[{"href":"https:\/\/www.lavirgendelcamino.info\/wordpress\/wp-json\/wp\/v2\/types\/post"}],"author":[{"embeddable":true,"href":"https:\/\/www.lavirgendelcamino.info\/wordpress\/wp-json\/wp\/v2\/users\/1"}],"replies":[{"embeddable":true,"href":"https:\/\/www.lavirgendelcamino.info\/wordpress\/wp-json\/wp\/v2\/comments?post=974"}],"version-history":[{"count":0,"href":"https:\/\/www.lavirgendelcamino.info\/wordpress\/wp-json\/wp\/v2\/posts\/974\/revisions"}],"wp:attachment":[{"href":"https:\/\/www.lavirgendelcamino.info\/wordpress\/wp-json\/wp\/v2\/media?parent=974"}],"wp:term":[{"taxonomy":"category","embeddable":true,"href":"https:\/\/www.lavirgendelcamino.info\/wordpress\/wp-json\/wp\/v2\/categories?post=974"},{"taxonomy":"post_tag","embeddable":true,"href":"https:\/\/www.lavirgendelcamino.info\/wordpress\/wp-json\/wp\/v2\/tags?post=974"}],"curies":[{"name":"wp","href":"https:\/\/api.w.org\/{rel}","templated":true}]}}